{"id":94104,"date":"2019-05-07T11:43:07","date_gmt":"2019-05-07T14:43:07","guid":{"rendered":"http:\/\/www.caririemacao.com\/1\/?p=94104"},"modified":"2019-05-07T11:43:07","modified_gmt":"2019-05-07T14:43:07","slug":"cancelamento-do-sao-joao-de-patos-deve-bombar-festejos-juninos-de-monteiro","status":"publish","type":"post","link":"https:\/\/www.caririemacao.com\/1\/2019\/05\/07\/cancelamento-do-sao-joao-de-patos-deve-bombar-festejos-juninos-de-monteiro\/","title":{"rendered":"Cancelamento do S\u00e3o Jo\u00e3o de Patos deve \u201cbombar\u201d festejos juninos de Monteiro"},"content":{"rendered":"\n<div class=\"wp-block-image\"><figure class=\"alignleft\"><img decoding=\"async\" data-src=\"https:\/\/i3.wp.com\/www.vitrinedocariri.com.br\/wp-content\/uploads\/2019\/05\/sao_joao_patos-300x167.jpg\" alt=\"\" class=\"wp-image-42814 lazyload\" src=\"data:image\/svg+xml;base64,PHN2ZyB3aWR0aD0iMSIgaGVpZ2h0PSIxIiB4bWxucz0iaHR0cDovL3d3dy53My5vcmcvMjAwMC9zdmciPjwvc3ZnPg==\" style=\"--smush-placeholder-width: 300px; --smush-placeholder-aspect-ratio: 300\/167;\" \/><\/figure><\/div>\n\n\n\n<p>Se o S\u00e3o Jo\u00e3o de Monteiro j\u00e1 era considerado um dos melhores da Para\u00edba, este ano dever\u00e1 superar as expectativas e bater recorde de p\u00fablico, ap\u00f3s o cancelamento das festividades juninas do munic\u00edpio de Patos.<\/p>\n\n\n\n<p>O cancelamento do S\u00e3o Jo\u00e3o de Patos foi confirmado na tarde desta segunda-feira, 6, pelo prefeito Sales J\u00fanior. A grade de artistas anunciada no \u00faltimo no dia 15 de abril para o palco do Terreiro do Forr\u00f3 tinha atra\u00e7\u00f5es como Mano Walter, M\u00e1rcia Fellipe, Gabriel Diniz, Xand Avi\u00e3o, Ful\u00f4 de Mandacaru, entre outras.<\/p>\n\n\n\n<p>Com o cancelamento do evento, o S\u00e3o Jo\u00e3o de Monteiro entrou na prefer\u00eancia da maioria esmagadora dos turistas que estavam programados para prestigiar as festividades da cidade de Patos e dever\u00e1 se transformar no segundo maior evento da Para\u00edba, sendo superado apenas por Campina Grande.<\/p>\n\n\n\n<p>A programa\u00e7\u00e3o do S\u00e3o Jo\u00e3o de Monteiro ser\u00e1 anunciada na noite desta quarta-feira, 8, e a expectativa do an\u00fancio das atra\u00e7\u00f5es cresceu entre os milhares de turistas que estavam de malas prontas para desembarcar na \u201cCidade do Sol\u201d.<\/p>\n\n\n\n<p>Logo ap\u00f3s o an\u00fancio do cancelamento das festividades juninas de Patos, a Prefeitura de Monteiro, atrav\u00e9s da Secretaria de Comunica\u00e7\u00e3o invadiu as redes sociais lamentando o ocorrido e j\u00e1 convidando os turistas para o S\u00e3o Jo\u00e3o de Monteiro.<\/p>\n\n\n\n<div class=\"wp-block-image\"><figure class=\"aligncenter\"><img decoding=\"async\" data-src=\"https:\/\/i1.wp.com\/www.vitrinedocariri.com.br\/wp-content\/uploads\/2019\/05\/arte_sj_mnt_patos-169x300.jpg\" alt=\"\" class=\"wp-image-42815 lazyload\" src=\"data:image\/svg+xml;base64,PHN2ZyB3aWR0aD0iMSIgaGVpZ2h0PSIxIiB4bWxucz0iaHR0cDovL3d3dy53My5vcmcvMjAwMC9zdmciPjwvc3ZnPg==\" style=\"--smush-placeholder-width: 169px; --smush-placeholder-aspect-ratio: 169\/300;\" \/><\/figure><\/div>\n","protected":false},"excerpt":{"rendered":"<p>Se o S\u00e3o Jo\u00e3o de Monteiro j\u00e1 era considerado um dos melhores da Para\u00edba, este ano dever\u00e1 superar as expectativas e bater recorde de p\u00fablico,&hellip; <\/p>\n","protected":false},"author":1,"featured_media":54970,"comment_status":"closed","ping_status":"closed","sticky":false,"template":"","format":"standard","meta":{"sfsi_plus_gutenberg_text_before_share":"","sfsi_plus_gutenberg_show_text_before_share":"","sfsi_plus_gutenberg_icon_type":"","sfsi_plus_gutenberg_icon_alignemt":"","sfsi_plus_gutenburg_max_per_row":"","footnotes":""},"categories":[6],"tags":[],"class_list":["post-94104","post","type-post","status-publish","format-standard","has-post-thumbnail","hentry","category-cidades"],"_links":{"self":[{"href":"https:\/\/www.caririemacao.com\/1\/wp-json\/wp\/v2\/posts\/94104","targetHints":{"allow":["GET"]}}],"collection":[{"href":"https:\/\/www.caririemacao.com\/1\/wp-json\/wp\/v2\/posts"}],"about":[{"href":"https:\/\/www.caririemacao.com\/1\/wp-json\/wp\/v2\/types\/post"}],"author":[{"embeddable":true,"href":"https:\/\/www.caririemacao.com\/1\/wp-json\/wp\/v2\/users\/1"}],"replies":[{"embeddable":true,"href":"https:\/\/www.caririemacao.com\/1\/wp-json\/wp\/v2\/comments?post=94104"}],"version-history":[{"count":1,"href":"https:\/\/www.caririemacao.com\/1\/wp-json\/wp\/v2\/posts\/94104\/revisions"}],"predecessor-version":[{"id":94106,"href":"https:\/\/www.caririemacao.com\/1\/wp-json\/wp\/v2\/posts\/94104\/revisions\/94106"}],"wp:featuredmedia":[{"embeddable":true,"href":"https:\/\/www.caririemacao.com\/1\/wp-json\/wp\/v2\/media\/54970"}],"wp:attachment":[{"href":"https:\/\/www.caririemacao.com\/1\/wp-json\/wp\/v2\/media?parent=94104"}],"wp:term":[{"taxonomy":"category","embeddable":true,"href":"https:\/\/www.caririemacao.com\/1\/wp-json\/wp\/v2\/categories?post=94104"},{"taxonomy":"post_tag","embeddable":true,"href":"https:\/\/www.caririemacao.com\/1\/wp-json\/wp\/v2\/tags?post=94104"}],"curies":[{"name":"wp","href":"https:\/\/api.w.org\/{rel}","templated":true}]}}