{"id":94105,"date":"2019-05-07T11:47:00","date_gmt":"2019-05-07T14:47:00","guid":{"rendered":"http:\/\/www.caririemacao.com\/1\/?p=94105"},"modified":"2019-05-07T11:47:00","modified_gmt":"2019-05-07T14:47:00","slug":"governo-municipal-de-sertania-abre-concurso-publico-com-mais-de-160-vagas","status":"publish","type":"post","link":"https:\/\/www.caririemacao.com\/1\/2019\/05\/07\/governo-municipal-de-sertania-abre-concurso-publico-com-mais-de-160-vagas\/","title":{"rendered":"Governo Municipal de Sert\u00e2nia abre concurso p\u00fablico com mais de 160 vagas"},"content":{"rendered":"\n<p>O Governo Municipal de Sert\u00e2nia publicou nesta segunda-feira (6) o edital N\u00ba 02\/2019 referente ao concurso p\u00fablico que oferta 164 vagas distribu\u00eddas em 63 cargos de n\u00edvel fundamental, m\u00e9dio, t\u00e9cnico e superior.&nbsp; Os sal\u00e1rios variam de R$ 998 a R$ 2.071,79.<br><\/p>\n\n\n\n<p>A empresa organizadora do certame \u00e9 o Instituto de Administra\u00e7\u00e3o e Tecnologia (ADM&amp;TEC). As inscri\u00e7\u00f5es come\u00e7aram nesta segunda-feira (6) e devem ser feitas at\u00e9 \u00e0s 13h do dia 30 de junho, exclusivamente pelo site: www.admtec.org.br ou www.sertania.pe.gov.br.<\/p>\n\n\n\n<p>As taxas de inscri\u00e7\u00e3o variam de acordo com o n\u00edvel de escolaridade: R$ 80,00 (n\u00edvel fundamental), R$ 100,00 (n\u00edvel m\u00e9dio e t\u00e9cnico) e R$ 120,00 (n\u00edvel superior). Entre as vagas est\u00e3o oportunidades para assistente social, fonoaudi\u00f3logo, nutricionista, psic\u00f3logo, motorista, operador de m\u00e1quinas, agente comunit\u00e1rio de sa\u00fade, guarda civil municipal, professor, t\u00e9cnico em enfermagem, m\u00e9dico e enfermeiro.<\/p>\n\n\n\n<p>Em alguns cargos os candidatos precisar\u00e3o passar por prova de t\u00edtulos. J\u00e1 os aprovados para o cargo de Guarda Civil Municipal far\u00e3o um teste de aptid\u00e3o f\u00edsica, os Agentes de Sa\u00fade um curso de forma\u00e7\u00e3o e os Operadores de M\u00e1quina um teste pr\u00e1tico.<\/p>\n\n\n\n<p>As provas ser\u00e3o aplicadas no dia 14 de julho e o resultado final est\u00e1 previsto para ser divulgado no dia 10 de outubro. O per\u00edodo do pedido de isen\u00e7\u00e3o para pessoas de baixa renda tamb\u00e9m come\u00e7ou nesta segunda-feira (6) e segue at\u00e9 a pr\u00f3xima quarta-feira (8). A solicita\u00e7\u00e3o deve ser feita na sede da Prefeitura Municipal de Sert\u00e2nia, Pra\u00e7a Jo\u00e3o Pereira Vale, n\u00ba 20, Centro.&nbsp;<\/p>\n\n\n\n<p>O edital completo com mais informa\u00e7\u00f5es sobre o Concurso P\u00fablico est\u00e1 dispon\u00edvel nos sites do Governo Municipal de Sert\u00e2nia e da empresa organizadora.<br><\/p>\n","protected":false},"excerpt":{"rendered":"<p>O Governo Municipal de Sert\u00e2nia publicou nesta segunda-feira (6) o edital N\u00ba 02\/2019 referente ao concurso p\u00fablico que oferta 164 vagas distribu\u00eddas em 63 cargos&hellip; <\/p>\n","protected":false},"author":1,"featured_media":94115,"comment_status":"closed","ping_status":"closed","sticky":false,"template":"","format":"standard","meta":{"sfsi_plus_gutenberg_text_before_share":"","sfsi_plus_gutenberg_show_text_before_share":"","sfsi_plus_gutenberg_icon_type":"","sfsi_plus_gutenberg_icon_alignemt":"","sfsi_plus_gutenburg_max_per_row":"","footnotes":""},"categories":[6],"tags":[],"class_list":["post-94105","post","type-post","status-publish","format-standard","has-post-thumbnail","hentry","category-cidades"],"_links":{"self":[{"href":"https:\/\/www.caririemacao.com\/1\/wp-json\/wp\/v2\/posts\/94105","targetHints":{"allow":["GET"]}}],"collection":[{"href":"https:\/\/www.caririemacao.com\/1\/wp-json\/wp\/v2\/posts"}],"about":[{"href":"https:\/\/www.caririemacao.com\/1\/wp-json\/wp\/v2\/types\/post"}],"author":[{"embeddable":true,"href":"https:\/\/www.caririemacao.com\/1\/wp-json\/wp\/v2\/users\/1"}],"replies":[{"embeddable":true,"href":"https:\/\/www.caririemacao.com\/1\/wp-json\/wp\/v2\/comments?post=94105"}],"version-history":[{"count":1,"href":"https:\/\/www.caririemacao.com\/1\/wp-json\/wp\/v2\/posts\/94105\/revisions"}],"predecessor-version":[{"id":94117,"href":"https:\/\/www.caririemacao.com\/1\/wp-json\/wp\/v2\/posts\/94105\/revisions\/94117"}],"wp:featuredmedia":[{"embeddable":true,"href":"https:\/\/www.caririemacao.com\/1\/wp-json\/wp\/v2\/media\/94115"}],"wp:attachment":[{"href":"https:\/\/www.caririemacao.com\/1\/wp-json\/wp\/v2\/media?parent=94105"}],"wp:term":[{"taxonomy":"category","embeddable":true,"href":"https:\/\/www.caririemacao.com\/1\/wp-json\/wp\/v2\/categories?post=94105"},{"taxonomy":"post_tag","embeddable":true,"href":"https:\/\/www.caririemacao.com\/1\/wp-json\/wp\/v2\/tags?post=94105"}],"curies":[{"name":"wp","href":"https:\/\/api.w.org\/{rel}","templated":true}]}}