{"id":94114,"date":"2019-05-07T11:47:04","date_gmt":"2019-05-07T14:47:04","guid":{"rendered":"http:\/\/www.caririemacao.com\/1\/?p=94114"},"modified":"2019-05-07T11:47:04","modified_gmt":"2019-05-07T14:47:04","slug":"empossados-alunos-que-estagiarao-em-reparticoes-da-prefeitura-de-gurjao-em-parceria-com-iel","status":"publish","type":"post","link":"https:\/\/www.caririemacao.com\/1\/2019\/05\/07\/empossados-alunos-que-estagiarao-em-reparticoes-da-prefeitura-de-gurjao-em-parceria-com-iel\/","title":{"rendered":"Empossados alunos que estagiar\u00e3o em reparti\u00e7\u00f5es da Prefeitura de Gurj\u00e3o em parceria com IEL"},"content":{"rendered":"\n<div class=\"wp-block-image\"><figure class=\"alignright\"><img decoding=\"async\" data-src=\"https:\/\/i2.wp.com\/www.vitrinedocariri.com.br\/wp-content\/uploads\/2019\/05\/iel-gurj%C3%A3o-300x225.png\" alt=\"\" class=\"wp-image-42797 lazyload\" src=\"data:image\/svg+xml;base64,PHN2ZyB3aWR0aD0iMSIgaGVpZ2h0PSIxIiB4bWxucz0iaHR0cDovL3d3dy53My5vcmcvMjAwMC9zdmciPjwvc3ZnPg==\" style=\"--smush-placeholder-width: 300px; --smush-placeholder-aspect-ratio: 300\/225;\" \/><\/figure><\/div>\n\n\n\n<p>O prefeito, Ronaldo Queiroz (PSC), em solenidade no audit\u00f3rio In\u00e1cio Alves Calu\u00eate, deu pose aos novos estagi\u00e1rios da gest\u00e3o Amor de Cidade.<\/p>\n\n\n\n<p>Os novos estagi\u00e1rios selecionados cumprir\u00e3o uma carga hor\u00e1ria semanal de 30h, em reparti\u00e7\u00f5es do munic\u00edpio, e receber\u00e3o uma bolsa aux\u00edlio no valor de R$ 250,00.<\/p>\n\n\n\n<p>O est\u00e1gio tem o prazo de 12 meses,prorrog\u00e1veis e ir\u00e3o atuar nas secretarias, de acordo com o curso de cada um.<\/p>\n\n\n\n<p>O preenchimento das vagas realizou-se via mediante processo seletivo.<br>Para Ronaldo, o programa de est\u00e1gio vai gerar oportunidades para muitos jovens do munic\u00edpio.&nbsp;\u201dOs estudantes da&nbsp; cidade de Gurj\u00e3o, ganhar\u00e3o novas perspectivas de crescimento profissional,&nbsp;uma vez que poder\u00e3o por em pr\u00e1tica&nbsp; atrav\u00e9s do est\u00e1gio aquele conhecimento adquirido em sala&nbsp;de aula, e ainda ampliar\u00e3o a oportunidade de ingressarem&nbsp; no mercado de trabalho\u201d, pontua o&nbsp;alcalde.<\/p>\n\n\n\n<p>Karina Ribeiro, que representava o IEL na sua fala, completa dizendo: \u201ctem sido reconhecido cada&nbsp;vez mais pela&nbsp; capacidade de fazer gest\u00e3o de programas de Est\u00e1gio, prova disto \u00e9 que j\u00e1&nbsp;celebramos parcerias com v\u00e1rias prefeituras paraibanas, e at\u00e9 com o Tribunal de Contas do&nbsp;Estado, cujo programa \u00e9 administrado pelo Instituto\u201d e ver a gest\u00e3o&nbsp; do prefeito, Ronaldo,&nbsp;pensando nos jovens de sua cidade. Isso nos anima mais e mais, porque sabemos que ter\u00e1 em<br>Gurj\u00e3o uma sociedade que est\u00e1 sendo valorizada\u201d, ressalta.<\/p>\n\n\n\n<p>Participaram da solenidade, os secret\u00e1rios, Macielma Farias (Assist\u00eancia Social), Leomarcia&nbsp;Sim\u00f5es (Rep. da&nbsp; Educa\u00e7\u00e3o e Desportos), Diego Coutinho (Cultura e Eventos) e os vereadores,&nbsp;(Junior Moraes, Diogo Coutinho e Maria Elizete).<\/p>\n","protected":false},"excerpt":{"rendered":"<p>O prefeito, Ronaldo Queiroz (PSC), em solenidade no audit\u00f3rio In\u00e1cio Alves Calu\u00eate, deu pose aos novos estagi\u00e1rios da gest\u00e3o Amor de Cidade. Os novos estagi\u00e1rios&hellip; <\/p>\n","protected":false},"author":1,"featured_media":94116,"comment_status":"closed","ping_status":"closed","sticky":false,"template":"","format":"standard","meta":{"sfsi_plus_gutenberg_text_before_share":"","sfsi_plus_gutenberg_show_text_before_share":"","sfsi_plus_gutenberg_icon_type":"","sfsi_plus_gutenberg_icon_alignemt":"","sfsi_plus_gutenburg_max_per_row":"","footnotes":""},"categories":[6],"tags":[],"class_list":["post-94114","post","type-post","status-publish","format-standard","has-post-thumbnail","hentry","category-cidades"],"_links":{"self":[{"href":"https:\/\/www.caririemacao.com\/1\/wp-json\/wp\/v2\/posts\/94114","targetHints":{"allow":["GET"]}}],"collection":[{"href":"https:\/\/www.caririemacao.com\/1\/wp-json\/wp\/v2\/posts"}],"about":[{"href":"https:\/\/www.caririemacao.com\/1\/wp-json\/wp\/v2\/types\/post"}],"author":[{"embeddable":true,"href":"https:\/\/www.caririemacao.com\/1\/wp-json\/wp\/v2\/users\/1"}],"replies":[{"embeddable":true,"href":"https:\/\/www.caririemacao.com\/1\/wp-json\/wp\/v2\/comments?post=94114"}],"version-history":[{"count":1,"href":"https:\/\/www.caririemacao.com\/1\/wp-json\/wp\/v2\/posts\/94114\/revisions"}],"predecessor-version":[{"id":94118,"href":"https:\/\/www.caririemacao.com\/1\/wp-json\/wp\/v2\/posts\/94114\/revisions\/94118"}],"wp:featuredmedia":[{"embeddable":true,"href":"https:\/\/www.caririemacao.com\/1\/wp-json\/wp\/v2\/media\/94116"}],"wp:attachment":[{"href":"https:\/\/www.caririemacao.com\/1\/wp-json\/wp\/v2\/media?parent=94114"}],"wp:term":[{"taxonomy":"category","embeddable":true,"href":"https:\/\/www.caririemacao.com\/1\/wp-json\/wp\/v2\/categories?post=94114"},{"taxonomy":"post_tag","embeddable":true,"href":"https:\/\/www.caririemacao.com\/1\/wp-json\/wp\/v2\/tags?post=94114"}],"curies":[{"name":"wp","href":"https:\/\/api.w.org\/{rel}","templated":true}]}}