{"id":94121,"date":"2019-05-07T11:48:45","date_gmt":"2019-05-07T14:48:45","guid":{"rendered":"http:\/\/www.caririemacao.com\/1\/?p=94121"},"modified":"2019-05-07T11:48:45","modified_gmt":"2019-05-07T14:48:45","slug":"uepb-abre-inscricoes-para-solicitacao-de-reingresso-de-curso-com-vagas-para-monteiro","status":"publish","type":"post","link":"https:\/\/www.caririemacao.com\/1\/2019\/05\/07\/uepb-abre-inscricoes-para-solicitacao-de-reingresso-de-curso-com-vagas-para-monteiro\/","title":{"rendered":"UEPB abre inscri\u00e7\u00f5es para solicita\u00e7\u00e3o de reingresso de curso com vagas para Monteiro"},"content":{"rendered":"\n<p>A Pr\u00f3-Reitoria de Gradua\u00e7\u00e3o (PROGRAD) da Universidade Estadual da Para\u00edba (UEPB) inscreve, de 7 a 24 de maio, os interessados em solicitar reingresso de curso na Institui\u00e7\u00e3o no per\u00edodo 2019\/2. O edital com todas informa\u00e7\u00f5es do processo j\u00e1 foi publicado e as inscri\u00e7\u00f5es ser\u00e3o feitas atrav\u00e9s do endere\u00e7o eletr\u00f4nico https:\/\/cpcon.uepb.edu.br\/forms\/responderFormulario\/182.<\/p>\n\n\n\n<p>De acordo com o edital, o pedido de reingresso s\u00f3 ser\u00e1 permitido em situa\u00e7\u00e3o de abandono h\u00e1, no m\u00e1ximo, cinco anos. Pode solicitar o pedido o estudante que tenha, no m\u00e1ximo, dois reingressos registrados no Hist\u00f3rico Acad\u00eamico. O pedido deve ser feito para o Curso e C\u00e2mpus do seu ingresso de origem e ser\u00e1 atendido se houver disponibilidade de vagas.<\/p>\n\n\n\n<p>Extraordinariamente, ser\u00e3o deferidos os pedidos dos estudantes com at\u00e9 10 anos de abandono que faltem apenas o Trabalho de Conclus\u00e3o de Curso (TCC) e os est\u00e1gios para conclus\u00e3o do curso. As vagas est\u00e3o distribu\u00eddas entre os c\u00e2mpus de Campina Grande, Lagoa Seca, Guarabira, Catol\u00e9 do Rocha, Jo\u00e3o Pessoa, Monteiro, Patos e Araruna. Os estudantes que tiverem seus pedidos deferidos efetuar\u00e3o a matr\u00edcula na Coordena\u00e7\u00e3o do Curso, n\u00e3o sendo permitido o trancamento de matr\u00edcula no semestre do reingresso.<\/p>\n\n\n\n<p>Outras informa\u00e7\u00f5es podem ser obtidas pelo telefone (83) 3315-3350. O edital e o quadro de vagas est\u00e3o dispon\u00edveis no site www.uepb.edu.br.<\/p>\n","protected":false},"excerpt":{"rendered":"<p>A Pr\u00f3-Reitoria de Gradua\u00e7\u00e3o (PROGRAD) da Universidade Estadual da Para\u00edba (UEPB) inscreve, de 7 a 24 de maio, os interessados em solicitar reingresso de curso&hellip; <\/p>\n","protected":false},"author":1,"featured_media":9107,"comment_status":"closed","ping_status":"closed","sticky":false,"template":"","format":"standard","meta":{"sfsi_plus_gutenberg_text_before_share":"","sfsi_plus_gutenberg_show_text_before_share":"","sfsi_plus_gutenberg_icon_type":"","sfsi_plus_gutenberg_icon_alignemt":"","sfsi_plus_gutenburg_max_per_row":"","footnotes":""},"categories":[14],"tags":[],"class_list":["post-94121","post","type-post","status-publish","format-standard","has-post-thumbnail","hentry","category-educacao"],"_links":{"self":[{"href":"https:\/\/www.caririemacao.com\/1\/wp-json\/wp\/v2\/posts\/94121","targetHints":{"allow":["GET"]}}],"collection":[{"href":"https:\/\/www.caririemacao.com\/1\/wp-json\/wp\/v2\/posts"}],"about":[{"href":"https:\/\/www.caririemacao.com\/1\/wp-json\/wp\/v2\/types\/post"}],"author":[{"embeddable":true,"href":"https:\/\/www.caririemacao.com\/1\/wp-json\/wp\/v2\/users\/1"}],"replies":[{"embeddable":true,"href":"https:\/\/www.caririemacao.com\/1\/wp-json\/wp\/v2\/comments?post=94121"}],"version-history":[{"count":1,"href":"https:\/\/www.caririemacao.com\/1\/wp-json\/wp\/v2\/posts\/94121\/revisions"}],"predecessor-version":[{"id":94122,"href":"https:\/\/www.caririemacao.com\/1\/wp-json\/wp\/v2\/posts\/94121\/revisions\/94122"}],"wp:featuredmedia":[{"embeddable":true,"href":"https:\/\/www.caririemacao.com\/1\/wp-json\/wp\/v2\/media\/9107"}],"wp:attachment":[{"href":"https:\/\/www.caririemacao.com\/1\/wp-json\/wp\/v2\/media?parent=94121"}],"wp:term":[{"taxonomy":"category","embeddable":true,"href":"https:\/\/www.caririemacao.com\/1\/wp-json\/wp\/v2\/categories?post=94121"},{"taxonomy":"post_tag","embeddable":true,"href":"https:\/\/www.caririemacao.com\/1\/wp-json\/wp\/v2\/tags?post=94121"}],"curies":[{"name":"wp","href":"https:\/\/api.w.org\/{rel}","templated":true}]}}