{"id":94130,"date":"2019-05-07T11:52:10","date_gmt":"2019-05-07T14:52:10","guid":{"rendered":"http:\/\/www.caririemacao.com\/1\/?p=94130"},"modified":"2019-05-07T11:52:10","modified_gmt":"2019-05-07T14:52:10","slug":"prefeito-jefferson-roberto-e-ex-gestor-fernando-queiroz-entregam-pedidos-ao-governador-joao-azevedo","status":"publish","type":"post","link":"https:\/\/www.caririemacao.com\/1\/2019\/05\/07\/prefeito-jefferson-roberto-e-ex-gestor-fernando-queiroz-entregam-pedidos-ao-governador-joao-azevedo\/","title":{"rendered":"Prefeito Jefferson Roberto e ex-gestor Fernando Queiroz entregam pedidos ao governador Jo\u00e3o Azevedo"},"content":{"rendered":"\n<p>Durante a passagem do governador Jo\u00e3o Azevedo pelo Cariri no \u00faltimo s\u00e1bado, o prefeito de S\u00e3o Jos\u00e9 dos Cordeiros, Jefferson Roberto, e o ex-gestor Fernando Queiroz, estiveram juntos na plen\u00e1ria do OD em Sum\u00e9 e levaram pessoalmente ao governador tr\u00eas importantes pleitos da popula\u00e7\u00e3o do munic\u00edpio.<\/p>\n\n\n\n<p>A reforma da Escola Estadual Bartolomeu Maracaj\u00e1, a constru\u00e7\u00e3o da estrada que liga o munic\u00edpio a Livramento e a constru\u00e7\u00e3o de casas populares foram as principais reivindica\u00e7\u00f5es elencadas no documento entregue ao chefe do Executivo Estadual. O prefeito Jefferson Roberto lembrou ao governador, inclusive, que os pedidos foram eleitos pela pr\u00f3pria popula\u00e7\u00e3o na plen\u00e1ria preparat\u00f3ria do OD realizada na cidade.<\/p>\n\n\n\n<p>Segundo Jefferson Roberto, o Governo do Estado j\u00e1 fez muito por S\u00e3o Jos\u00e9 dos Cordeiros, mas essas demandas s\u00e3o historicamente d\u00e9bitos que o Poder P\u00fablico tem com a popula\u00e7\u00e3o do munic\u00edpio. \u201cO governador recebeu atentamente os pleitos e disse que far\u00e1 o poss\u00edvel para viabiliz\u00e1-los\u201d, destacou Jefferson.<\/p>\n\n\n\n<p>Fernando Queiroz, ex-prefeito de S\u00e3o Jos\u00e9 dos Cordeiros, tamb\u00e9m destacou o compromisso do Governo do PSB com a cidade e afirmou que espera ainda mais a\u00e7\u00f5es nessa nova gest\u00e3o de Jo\u00e3o Azevedo em prol da popula\u00e7\u00e3o cordeirense, que tem sempre respondido com gratid\u00e3o os gestos do Governo com o munic\u00edpio.<\/p>\n\n\n\n<p>Os dois l\u00edderes cordeirenses destacaram por fim que seu grupo pol\u00edtico est\u00e1 focado no trabalho e no desenvolvimento de S\u00e3o Jos\u00e9 dos Cordeiros.<\/p>\n\n\n\n<p><strong>De Olho no Cariri<\/strong><\/p>\n","protected":false},"excerpt":{"rendered":"<p>Durante a passagem do governador Jo\u00e3o Azevedo pelo Cariri no \u00faltimo s\u00e1bado, o prefeito de S\u00e3o Jos\u00e9 dos Cordeiros, Jefferson Roberto, e o ex-gestor Fernando&hellip; <\/p>\n","protected":false},"author":1,"featured_media":72913,"comment_status":"closed","ping_status":"closed","sticky":false,"template":"","format":"standard","meta":{"sfsi_plus_gutenberg_text_before_share":"","sfsi_plus_gutenberg_show_text_before_share":"","sfsi_plus_gutenberg_icon_type":"","sfsi_plus_gutenberg_icon_alignemt":"","sfsi_plus_gutenburg_max_per_row":"","footnotes":""},"categories":[6],"tags":[],"class_list":["post-94130","post","type-post","status-publish","format-standard","has-post-thumbnail","hentry","category-cidades"],"_links":{"self":[{"href":"https:\/\/www.caririemacao.com\/1\/wp-json\/wp\/v2\/posts\/94130","targetHints":{"allow":["GET"]}}],"collection":[{"href":"https:\/\/www.caririemacao.com\/1\/wp-json\/wp\/v2\/posts"}],"about":[{"href":"https:\/\/www.caririemacao.com\/1\/wp-json\/wp\/v2\/types\/post"}],"author":[{"embeddable":true,"href":"https:\/\/www.caririemacao.com\/1\/wp-json\/wp\/v2\/users\/1"}],"replies":[{"embeddable":true,"href":"https:\/\/www.caririemacao.com\/1\/wp-json\/wp\/v2\/comments?post=94130"}],"version-history":[{"count":1,"href":"https:\/\/www.caririemacao.com\/1\/wp-json\/wp\/v2\/posts\/94130\/revisions"}],"predecessor-version":[{"id":94131,"href":"https:\/\/www.caririemacao.com\/1\/wp-json\/wp\/v2\/posts\/94130\/revisions\/94131"}],"wp:featuredmedia":[{"embeddable":true,"href":"https:\/\/www.caririemacao.com\/1\/wp-json\/wp\/v2\/media\/72913"}],"wp:attachment":[{"href":"https:\/\/www.caririemacao.com\/1\/wp-json\/wp\/v2\/media?parent=94130"}],"wp:term":[{"taxonomy":"category","embeddable":true,"href":"https:\/\/www.caririemacao.com\/1\/wp-json\/wp\/v2\/categories?post=94130"},{"taxonomy":"post_tag","embeddable":true,"href":"https:\/\/www.caririemacao.com\/1\/wp-json\/wp\/v2\/tags?post=94130"}],"curies":[{"name":"wp","href":"https:\/\/api.w.org\/{rel}","templated":true}]}}