{"id":94136,"date":"2019-05-07T11:53:58","date_gmt":"2019-05-07T14:53:58","guid":{"rendered":"http:\/\/www.caririemacao.com\/1\/?p=94136"},"modified":"2019-05-07T11:53:58","modified_gmt":"2019-05-07T14:53:58","slug":"juiza-decreta-prisao-preventiva-de-suspeito-de-matar-a-namorada-e-queimar-o-corpo-no-cariri-2","status":"publish","type":"post","link":"https:\/\/www.caririemacao.com\/1\/2019\/05\/07\/juiza-decreta-prisao-preventiva-de-suspeito-de-matar-a-namorada-e-queimar-o-corpo-no-cariri-2\/","title":{"rendered":"Ju\u00edza decreta pris\u00e3o preventiva de suspeito de matar a namorada e queimar o corpo no Cariri"},"content":{"rendered":"\n<p>A ju\u00edza Rosimeire Ventura Leite, da comarca Soledade, no Cariri paraibano determinou a pris\u00e3o preventiva de Alisson Bruno, de 21 anos de idade.&nbsp;Ele \u00e9 suspeito de matar a namorada Ana Katarina, 17 anos, enterrar o corpo dela e depois desenterrar para queimar o cad\u00e1ver. Alisson est\u00e1 preso desde o m\u00eas de abril ap\u00f3s investiga\u00e7\u00e3o da Pol\u00edcia Civil, que elucidou o caso.<\/p>\n\n\n\n<p>A pris\u00e3o de Alisson ocorreu quando a Justi\u00e7a determinou a pris\u00e3o tempor\u00e1ria&nbsp;dele. O prazo terminava no fim de semana. Ap\u00f3s a conclus\u00e3o do inqu\u00e9rito da Pol\u00edcia Civil, o delegado que investigou o caso, Durval Barros, representou pela pris\u00e3o preventiva.<\/p>\n\n\n\n<p>Segundo a investiga\u00e7\u00e3o, Alisson matou Ana Katarina no dia 3 de junho de 2018, quando ela havia desaparecido. Depois de matar a namorada, o acusado enterrou o corpo dela na zona rural de Soledade.<\/p>\n\n\n\n<p>A investiga\u00e7\u00e3o tamb\u00e9m aponta que dias depois o acusado desenterrou o corpo da namorada e queimou. A ossada da v\u00edtima foi jogada nas margens da BR-412, no munic\u00edpio de Boa Vista, tamb\u00e9m no Cariri, e foi encontrada no dia 29 de junho de 2018.<\/p>\n\n\n\n<p>De acordo com a Pol\u00edcia Civil, al\u00e9m de planejar toda a morte da namorada, Alisson tamb\u00e9m tinha um plano de incriminar um jovem da cidade de Boa Vista. Ele tamb\u00e9m chegou a fazer um perfil falso em uma rede social se passando por Ana Katarina.<\/p>\n\n\n\n<p>Alisson foi preso no dia 4 de abril deste ano. Ainda nesse m\u00eas de abril,&nbsp;a Pol\u00edcia Civil encontrou ferramentas usadas no crime, a cova onde Ana foi enterrada e roupas da v\u00edtima.<\/p>\n","protected":false},"excerpt":{"rendered":"<p>A ju\u00edza Rosimeire Ventura Leite, da comarca Soledade, no Cariri paraibano determinou a pris\u00e3o preventiva de Alisson Bruno, de 21 anos de idade.&nbsp;Ele \u00e9 suspeito&hellip; <\/p>\n","protected":false},"author":1,"featured_media":86038,"comment_status":"closed","ping_status":"closed","sticky":false,"template":"","format":"standard","meta":{"sfsi_plus_gutenberg_text_before_share":"","sfsi_plus_gutenberg_show_text_before_share":"","sfsi_plus_gutenberg_icon_type":"","sfsi_plus_gutenberg_icon_alignemt":"","sfsi_plus_gutenburg_max_per_row":"","footnotes":""},"categories":[50,12],"tags":[],"class_list":["post-94136","post","type-post","status-publish","format-standard","has-post-thumbnail","hentry","category-destaque","category-policia"],"_links":{"self":[{"href":"https:\/\/www.caririemacao.com\/1\/wp-json\/wp\/v2\/posts\/94136","targetHints":{"allow":["GET"]}}],"collection":[{"href":"https:\/\/www.caririemacao.com\/1\/wp-json\/wp\/v2\/posts"}],"about":[{"href":"https:\/\/www.caririemacao.com\/1\/wp-json\/wp\/v2\/types\/post"}],"author":[{"embeddable":true,"href":"https:\/\/www.caririemacao.com\/1\/wp-json\/wp\/v2\/users\/1"}],"replies":[{"embeddable":true,"href":"https:\/\/www.caririemacao.com\/1\/wp-json\/wp\/v2\/comments?post=94136"}],"version-history":[{"count":1,"href":"https:\/\/www.caririemacao.com\/1\/wp-json\/wp\/v2\/posts\/94136\/revisions"}],"predecessor-version":[{"id":94137,"href":"https:\/\/www.caririemacao.com\/1\/wp-json\/wp\/v2\/posts\/94136\/revisions\/94137"}],"wp:featuredmedia":[{"embeddable":true,"href":"https:\/\/www.caririemacao.com\/1\/wp-json\/wp\/v2\/media\/86038"}],"wp:attachment":[{"href":"https:\/\/www.caririemacao.com\/1\/wp-json\/wp\/v2\/media?parent=94136"}],"wp:term":[{"taxonomy":"category","embeddable":true,"href":"https:\/\/www.caririemacao.com\/1\/wp-json\/wp\/v2\/categories?post=94136"},{"taxonomy":"post_tag","embeddable":true,"href":"https:\/\/www.caririemacao.com\/1\/wp-json\/wp\/v2\/tags?post=94136"}],"curies":[{"name":"wp","href":"https:\/\/api.w.org\/{rel}","templated":true}]}}