{"id":94142,"date":"2019-05-07T11:57:29","date_gmt":"2019-05-07T14:57:29","guid":{"rendered":"http:\/\/www.caririemacao.com\/1\/?p=94142"},"modified":"2019-05-07T11:57:29","modified_gmt":"2019-05-07T14:57:29","slug":"galdino-diz-que-aprovacao-de-emenda-impositiva-custaria-r-150-milhoes-aos-cofres-do-estado","status":"publish","type":"post","link":"https:\/\/www.caririemacao.com\/1\/2019\/05\/07\/galdino-diz-que-aprovacao-de-emenda-impositiva-custaria-r-150-milhoes-aos-cofres-do-estado\/","title":{"rendered":"Galdino diz que aprova\u00e7\u00e3o de emenda impositiva custaria R$ 150 milh\u00f5es aos cofres do Estado"},"content":{"rendered":"\n<p>O presidente da Assembleia Legislativa da Para\u00edba (ALPB), deputado Adriano Galdino (PSB), disse, nesta ter\u00e7a-feira (07), que a Proposta de Emenda Constitucional (PEC) que disp\u00f5e sobre as emendas impositivas somente ir\u00e1 a vota\u00e7\u00e3o em plen\u00e1rio ap\u00f3s o di\u00e1logo e o consenso com o Governo do Estado, uma vez que o volume de recursos envolvidos pode comprometer o or\u00e7amento do Estado.&nbsp;<br><\/p>\n\n\n\n<p>&#8220;\u00c9 uma mat\u00e9ria que envolve recursos alt\u00edssimos, do jeito que est\u00e1 a\u00ed, em torno de R$ 150 milh\u00f5es, pode comprometer servi\u00e7os essenciais do Governo, como tamb\u00e9m programas especiais, por exemplo, o Or\u00e7amento Democr\u00e1tico, mas que o movimento \u00e9 leg\u00edtimo e \u00e9 nacional. Em n\u00edvel nacional n\u00f3s temos n\u00e3o s\u00f3 emendas impositivas, mas temos agora o or\u00e7amento impositivo, tem v\u00e1rios estados que j\u00e1 t\u00eam a emenda impositiva&#8221;, disse Adriano Galdino.&nbsp;<\/p>\n\n\n\n<p>O parlamentar ponderou que, na situa\u00e7\u00e3o de crise no Pa\u00eds e a Para\u00edba, ele mesmo tamb\u00e9m acredita que emendas impositivas no valor de R$ 150 milh\u00f5es s\u00e3o impratic\u00e1veis por ser um volume muito alto de recursos. Mas quer buscar o consenso. &#8220;Precisamos buscar o consenso dentro da realidade do Governo do Estado, como tamb\u00e9m buscar o consenso para atender aos senhores deputados&#8221;, analisou, opinando que \u00e9 poss\u00edvel reduzir o valor. &#8220;Essa \u00e9 minha posi\u00e7\u00e3o, posso at\u00e9 ser voto vencido&#8221;.<\/p>\n","protected":false},"excerpt":{"rendered":"<p>O presidente da Assembleia Legislativa da Para\u00edba (ALPB), deputado Adriano Galdino (PSB), disse, nesta ter\u00e7a-feira (07), que a Proposta de Emenda Constitucional (PEC) que disp\u00f5e&hellip; <\/p>\n","protected":false},"author":1,"featured_media":94143,"comment_status":"closed","ping_status":"closed","sticky":false,"template":"","format":"standard","meta":{"sfsi_plus_gutenberg_text_before_share":"","sfsi_plus_gutenberg_show_text_before_share":"","sfsi_plus_gutenberg_icon_type":"","sfsi_plus_gutenberg_icon_alignemt":"","sfsi_plus_gutenburg_max_per_row":"","footnotes":""},"categories":[11],"tags":[],"class_list":["post-94142","post","type-post","status-publish","format-standard","has-post-thumbnail","hentry","category-politica"],"_links":{"self":[{"href":"https:\/\/www.caririemacao.com\/1\/wp-json\/wp\/v2\/posts\/94142","targetHints":{"allow":["GET"]}}],"collection":[{"href":"https:\/\/www.caririemacao.com\/1\/wp-json\/wp\/v2\/posts"}],"about":[{"href":"https:\/\/www.caririemacao.com\/1\/wp-json\/wp\/v2\/types\/post"}],"author":[{"embeddable":true,"href":"https:\/\/www.caririemacao.com\/1\/wp-json\/wp\/v2\/users\/1"}],"replies":[{"embeddable":true,"href":"https:\/\/www.caririemacao.com\/1\/wp-json\/wp\/v2\/comments?post=94142"}],"version-history":[{"count":1,"href":"https:\/\/www.caririemacao.com\/1\/wp-json\/wp\/v2\/posts\/94142\/revisions"}],"predecessor-version":[{"id":94144,"href":"https:\/\/www.caririemacao.com\/1\/wp-json\/wp\/v2\/posts\/94142\/revisions\/94144"}],"wp:featuredmedia":[{"embeddable":true,"href":"https:\/\/www.caririemacao.com\/1\/wp-json\/wp\/v2\/media\/94143"}],"wp:attachment":[{"href":"https:\/\/www.caririemacao.com\/1\/wp-json\/wp\/v2\/media?parent=94142"}],"wp:term":[{"taxonomy":"category","embeddable":true,"href":"https:\/\/www.caririemacao.com\/1\/wp-json\/wp\/v2\/categories?post=94142"},{"taxonomy":"post_tag","embeddable":true,"href":"https:\/\/www.caririemacao.com\/1\/wp-json\/wp\/v2\/tags?post=94142"}],"curies":[{"name":"wp","href":"https:\/\/api.w.org\/{rel}","templated":true}]}}