{"id":94150,"date":"2019-05-07T12:00:59","date_gmt":"2019-05-07T15:00:59","guid":{"rendered":"http:\/\/www.caririemacao.com\/1\/?p=94150"},"modified":"2019-05-07T12:00:59","modified_gmt":"2019-05-07T15:00:59","slug":"bolsonaro-reune-ministros-para-avaliar-acoes-e-discutir-prioridades","status":"publish","type":"post","link":"https:\/\/www.caririemacao.com\/1\/2019\/05\/07\/bolsonaro-reune-ministros-para-avaliar-acoes-e-discutir-prioridades\/","title":{"rendered":"Bolsonaro re\u00fane ministros para avaliar a\u00e7\u00f5es e discutir prioridades"},"content":{"rendered":"\n<p>O presidente Jair Bolsonaro comanda hoje (7), no Pal\u00e1cio do Planalto, a 11\u00aa Reuni\u00e3o do Conselho de Governo. Periodicamente, o alto escal\u00e3o se re\u00fane para avaliar as a\u00e7\u00f5es desenvolvidas e discutir as prioridades da agenda do governo federal.<\/p>\n\n\n\n<p>N\u00e3o devem comparecer na reuni\u00e3o de hoje os ministros da Agricultura, Tereza Cristina, e das Rela\u00e7\u00f5es Exteriores, Ernesto Ara\u00fajo. Ambos est\u00e3o em viagem ao exterior.&nbsp;<\/p>\n\n\n\n<p>Al\u00e9m dos ministros de Estado, o vice-presidente, Hamilton Mour\u00e3o, e l\u00edderes do governo no Congresso Nacional tamb\u00e9m devem estar presentes.<\/p>\n","protected":false},"excerpt":{"rendered":"<p>O presidente Jair Bolsonaro comanda hoje (7), no Pal\u00e1cio do Planalto, a 11\u00aa Reuni\u00e3o do Conselho de Governo. Periodicamente, o alto escal\u00e3o se re\u00fane para&hellip; <\/p>\n","protected":false},"author":1,"featured_media":94151,"comment_status":"closed","ping_status":"closed","sticky":false,"template":"","format":"standard","meta":{"sfsi_plus_gutenberg_text_before_share":"","sfsi_plus_gutenberg_show_text_before_share":"","sfsi_plus_gutenberg_icon_type":"","sfsi_plus_gutenberg_icon_alignemt":"","sfsi_plus_gutenburg_max_per_row":"","footnotes":""},"categories":[11],"tags":[],"class_list":["post-94150","post","type-post","status-publish","format-standard","has-post-thumbnail","hentry","category-politica"],"_links":{"self":[{"href":"https:\/\/www.caririemacao.com\/1\/wp-json\/wp\/v2\/posts\/94150","targetHints":{"allow":["GET"]}}],"collection":[{"href":"https:\/\/www.caririemacao.com\/1\/wp-json\/wp\/v2\/posts"}],"about":[{"href":"https:\/\/www.caririemacao.com\/1\/wp-json\/wp\/v2\/types\/post"}],"author":[{"embeddable":true,"href":"https:\/\/www.caririemacao.com\/1\/wp-json\/wp\/v2\/users\/1"}],"replies":[{"embeddable":true,"href":"https:\/\/www.caririemacao.com\/1\/wp-json\/wp\/v2\/comments?post=94150"}],"version-history":[{"count":1,"href":"https:\/\/www.caririemacao.com\/1\/wp-json\/wp\/v2\/posts\/94150\/revisions"}],"predecessor-version":[{"id":94153,"href":"https:\/\/www.caririemacao.com\/1\/wp-json\/wp\/v2\/posts\/94150\/revisions\/94153"}],"wp:featuredmedia":[{"embeddable":true,"href":"https:\/\/www.caririemacao.com\/1\/wp-json\/wp\/v2\/media\/94151"}],"wp:attachment":[{"href":"https:\/\/www.caririemacao.com\/1\/wp-json\/wp\/v2\/media?parent=94150"}],"wp:term":[{"taxonomy":"category","embeddable":true,"href":"https:\/\/www.caririemacao.com\/1\/wp-json\/wp\/v2\/categories?post=94150"},{"taxonomy":"post_tag","embeddable":true,"href":"https:\/\/www.caririemacao.com\/1\/wp-json\/wp\/v2\/tags?post=94150"}],"curies":[{"name":"wp","href":"https:\/\/api.w.org\/{rel}","templated":true}]}}