{"id":94158,"date":"2019-05-07T12:02:16","date_gmt":"2019-05-07T15:02:16","guid":{"rendered":"http:\/\/www.caririemacao.com\/1\/?p=94158"},"modified":"2019-05-07T12:02:16","modified_gmt":"2019-05-07T15:02:16","slug":"joao-azevedo-faz-modificacoes-na-estrutura-do-governo-e-nomeia-novos-titulares-de-planejamento-e-financas","status":"publish","type":"post","link":"https:\/\/www.caririemacao.com\/1\/2019\/05\/07\/joao-azevedo-faz-modificacoes-na-estrutura-do-governo-e-nomeia-novos-titulares-de-planejamento-e-financas\/","title":{"rendered":"Jo\u00e3o Azev\u00eado faz modifica\u00e7\u00f5es na estrutura do Governo e nomeia novos titulares de Planejamento e Finan\u00e7as"},"content":{"rendered":"\n<p>A edi\u00e7\u00e3o desta ter\u00e7a-feira (07) do Di\u00e1rio Oficial do Estado da Para\u00edba trouxe a publica\u00e7\u00e3o de v\u00e1rios atos governamentais modificando a estrutura do Governo do Estado. Dentre as modifica\u00e7\u00f5es feitas pelo governador Jo\u00e3o Azev\u00eado, est\u00e3o os novos titulares das secretarias de Finan\u00e7as e Planejamento.<\/p>\n\n\n\n<p>Gilmar Martins de Carvalho Santiago foi nomeado como novo secret\u00e1rio de Planejamento, Or\u00e7amento e Gest\u00e3o. Ele ocupava o cargo em comiss\u00e3o de secret\u00e1rio chefe da Controladoria Geral do Estado e foi exonerado para ocupar a nova fun\u00e7\u00e3o. Para o seu lugar, na Controladoria Geral do Estado, foi nomeado Letacio Ten\u00f3rio Guedes Junior. Waldson de Souza, que ocupava o cargo de secret\u00e1rio de de Planejamento no Governo do Estado, havia pedido exonera\u00e7\u00e3o do cargo.<\/p>\n\n\n\n<p>J\u00e1 a secret\u00e1ria das Finan\u00e7as, Amanda Ara\u00fajo Rodrigues, foi exonerada do cargo a pedidos. Para assumir o posto, foi nomeado Mario Sergio de Freitas Lins Pedrosa, que \u00e9 secret\u00e1rio executivo e vai acumular os cargos.<\/p>\n\n\n\n<p>A edi\u00e7\u00e3o de hoje ainda trouxe a exonera\u00e7\u00e3o da servidora que foi presa no \u00e2mbito da Opera\u00e7\u00e3o Calv\u00e1rio. Maria Laura Caldas de Almeida Carneiro foi exonerada do cargo de assistente de gabinete na Procuradoria Geral do Estado.<\/p>\n\n\n\n<figure class=\"wp-block-image\"><img decoding=\"async\" data-src=\"https:\/\/www.clickpb.com.br\/media\/filer_public\/19\/77\/1977ec54-ace5-406b-98ce-25393ecc4f5f\/nomeacao_secretaria_de_planejamento.png\" alt=\"\" src=\"data:image\/svg+xml;base64,PHN2ZyB3aWR0aD0iMSIgaGVpZ2h0PSIxIiB4bWxucz0iaHR0cDovL3d3dy53My5vcmcvMjAwMC9zdmciPjwvc3ZnPg==\" class=\"lazyload\" \/><\/figure>\n\n\n\n<figure class=\"wp-block-image\"><img decoding=\"async\" data-src=\"https:\/\/www.clickpb.com.br\/media\/filer_public\/88\/76\/887651dc-6c0c-4dda-8318-9d3091ae1793\/nomeacao_secretaria_de_financas.png\" alt=\"\" src=\"data:image\/svg+xml;base64,PHN2ZyB3aWR0aD0iMSIgaGVpZ2h0PSIxIiB4bWxucz0iaHR0cDovL3d3dy53My5vcmcvMjAwMC9zdmciPjwvc3ZnPg==\" class=\"lazyload\" \/><\/figure>\n","protected":false},"excerpt":{"rendered":"<p>A edi\u00e7\u00e3o desta ter\u00e7a-feira (07) do Di\u00e1rio Oficial do Estado da Para\u00edba trouxe a publica\u00e7\u00e3o de v\u00e1rios atos governamentais modificando a estrutura do Governo do&hellip; <\/p>\n","protected":false},"author":1,"featured_media":94159,"comment_status":"closed","ping_status":"closed","sticky":false,"template":"","format":"standard","meta":{"sfsi_plus_gutenberg_text_before_share":"","sfsi_plus_gutenberg_show_text_before_share":"","sfsi_plus_gutenberg_icon_type":"","sfsi_plus_gutenberg_icon_alignemt":"","sfsi_plus_gutenburg_max_per_row":"","footnotes":""},"categories":[11],"tags":[],"class_list":["post-94158","post","type-post","status-publish","format-standard","has-post-thumbnail","hentry","category-politica"],"_links":{"self":[{"href":"https:\/\/www.caririemacao.com\/1\/wp-json\/wp\/v2\/posts\/94158","targetHints":{"allow":["GET"]}}],"collection":[{"href":"https:\/\/www.caririemacao.com\/1\/wp-json\/wp\/v2\/posts"}],"about":[{"href":"https:\/\/www.caririemacao.com\/1\/wp-json\/wp\/v2\/types\/post"}],"author":[{"embeddable":true,"href":"https:\/\/www.caririemacao.com\/1\/wp-json\/wp\/v2\/users\/1"}],"replies":[{"embeddable":true,"href":"https:\/\/www.caririemacao.com\/1\/wp-json\/wp\/v2\/comments?post=94158"}],"version-history":[{"count":1,"href":"https:\/\/www.caririemacao.com\/1\/wp-json\/wp\/v2\/posts\/94158\/revisions"}],"predecessor-version":[{"id":94161,"href":"https:\/\/www.caririemacao.com\/1\/wp-json\/wp\/v2\/posts\/94158\/revisions\/94161"}],"wp:featuredmedia":[{"embeddable":true,"href":"https:\/\/www.caririemacao.com\/1\/wp-json\/wp\/v2\/media\/94159"}],"wp:attachment":[{"href":"https:\/\/www.caririemacao.com\/1\/wp-json\/wp\/v2\/media?parent=94158"}],"wp:term":[{"taxonomy":"category","embeddable":true,"href":"https:\/\/www.caririemacao.com\/1\/wp-json\/wp\/v2\/categories?post=94158"},{"taxonomy":"post_tag","embeddable":true,"href":"https:\/\/www.caririemacao.com\/1\/wp-json\/wp\/v2\/tags?post=94158"}],"curies":[{"name":"wp","href":"https:\/\/api.w.org\/{rel}","templated":true}]}}