{"id":94166,"date":"2019-05-07T12:05:42","date_gmt":"2019-05-07T15:05:42","guid":{"rendered":"http:\/\/www.caririemacao.com\/1\/?p=94166"},"modified":"2019-05-07T12:05:42","modified_gmt":"2019-05-07T15:05:42","slug":"menor-de-13-anos-mata-amigo-de-16-com-disparo-acidental-de-espingarda-em-sertania","status":"publish","type":"post","link":"https:\/\/www.caririemacao.com\/1\/2019\/05\/07\/menor-de-13-anos-mata-amigo-de-16-com-disparo-acidental-de-espingarda-em-sertania\/","title":{"rendered":"Menor de 13 anos mata amigo de 16 com disparo acidental de espingarda em Sert\u00e2nia"},"content":{"rendered":"\n<p>Segundo a Pol\u00edcia Militar, o policiamento foi informado do homic\u00eddio e seguiu para o local juntamente com a Pol\u00edcia Civil e o delegado.<\/p>\n\n\n\n<p>De acordo com o menor infrator de 13 anos, os dois eram amigos e estavam em uma casa, que serve de ponto de apoio para vaqueiros que trabalham no local, quando o mesmo pegou uma espingarda de fabrica\u00e7\u00e3o artesanal e acidentalmente disparou contra a v\u00edtima de 16 anos, que estava encostado na janela, o disparo atingiu pr\u00f3ximo a nuca. O pr\u00f3prio da arma n\u00e3o teve a idade informada.<\/p>\n\n\n\n<p>A PM ficou no local at\u00e9 a chegada doInstituto de Criminal\u00edstica (IC), e o delegado conduziu o menor, testemunhas, pai do autor, propriet\u00e1rio da arma e a arma apreendida para a delegacia local para serem adotadas as medidas legais necess\u00e1rias.<\/p>\n\n\n\n<p>Ap\u00f3s a chegada do IC o corpo foi liberou. A ocorr\u00eancia foi repassada para delegacia local onde foram autuados em flagrante o autor do disparo e o dono da arma.<\/p>\n\n\n\n<p>Com midiaema\u00e7\u00e3o<\/p>\n","protected":false},"excerpt":{"rendered":"<p>Segundo a Pol\u00edcia Militar, o policiamento foi informado do homic\u00eddio e seguiu para o local juntamente com a Pol\u00edcia Civil e o delegado. De acordo&hellip; <\/p>\n","protected":false},"author":1,"featured_media":94167,"comment_status":"closed","ping_status":"closed","sticky":false,"template":"","format":"standard","meta":{"sfsi_plus_gutenberg_text_before_share":"","sfsi_plus_gutenberg_show_text_before_share":"","sfsi_plus_gutenberg_icon_type":"","sfsi_plus_gutenberg_icon_alignemt":"","sfsi_plus_gutenburg_max_per_row":"","footnotes":""},"categories":[50,12],"tags":[],"class_list":["post-94166","post","type-post","status-publish","format-standard","has-post-thumbnail","hentry","category-destaque","category-policia"],"_links":{"self":[{"href":"https:\/\/www.caririemacao.com\/1\/wp-json\/wp\/v2\/posts\/94166","targetHints":{"allow":["GET"]}}],"collection":[{"href":"https:\/\/www.caririemacao.com\/1\/wp-json\/wp\/v2\/posts"}],"about":[{"href":"https:\/\/www.caririemacao.com\/1\/wp-json\/wp\/v2\/types\/post"}],"author":[{"embeddable":true,"href":"https:\/\/www.caririemacao.com\/1\/wp-json\/wp\/v2\/users\/1"}],"replies":[{"embeddable":true,"href":"https:\/\/www.caririemacao.com\/1\/wp-json\/wp\/v2\/comments?post=94166"}],"version-history":[{"count":1,"href":"https:\/\/www.caririemacao.com\/1\/wp-json\/wp\/v2\/posts\/94166\/revisions"}],"predecessor-version":[{"id":94168,"href":"https:\/\/www.caririemacao.com\/1\/wp-json\/wp\/v2\/posts\/94166\/revisions\/94168"}],"wp:featuredmedia":[{"embeddable":true,"href":"https:\/\/www.caririemacao.com\/1\/wp-json\/wp\/v2\/media\/94167"}],"wp:attachment":[{"href":"https:\/\/www.caririemacao.com\/1\/wp-json\/wp\/v2\/media?parent=94166"}],"wp:term":[{"taxonomy":"category","embeddable":true,"href":"https:\/\/www.caririemacao.com\/1\/wp-json\/wp\/v2\/categories?post=94166"},{"taxonomy":"post_tag","embeddable":true,"href":"https:\/\/www.caririemacao.com\/1\/wp-json\/wp\/v2\/tags?post=94166"}],"curies":[{"name":"wp","href":"https:\/\/api.w.org\/{rel}","templated":true}]}}