{"id":94170,"date":"2019-05-07T12:07:42","date_gmt":"2019-05-07T15:07:42","guid":{"rendered":"http:\/\/www.caririemacao.com\/1\/?p=94170"},"modified":"2019-05-07T12:07:42","modified_gmt":"2019-05-07T15:07:42","slug":"sao-joao-de-sume-se-destaca-pela-tradicao-cultural-dos-shows","status":"publish","type":"post","link":"https:\/\/www.caririemacao.com\/1\/2019\/05\/07\/sao-joao-de-sume-se-destaca-pela-tradicao-cultural-dos-shows\/","title":{"rendered":"S\u00e3o Jo\u00e3o de Sum\u00e9 se destaca pela tradi\u00e7\u00e3o cultural dos Shows"},"content":{"rendered":"\n<p>A cidade de Sum\u00e9 vai realizar entre os dias 14 e 23 de junho as festividades juninas da cidade.&nbsp;O S\u00e3o Jo\u00e3o de&nbsp;<strong>Sum\u00e9<\/strong>&nbsp;tem uma caracter\u00edstica bem particular que \u00e9 priorizar a qualidade musical e artistas locais e regionais dentro da grade de programa\u00e7\u00e3o o que coloca o munic\u00edpio um passo a frente neste quesito de valoriza\u00e7\u00e3o, o grande diferencial da festa que acontece em<strong>Sum\u00e9<\/strong>&nbsp;e a tradi\u00e7\u00e3o cultural dos shows que s\u00e3o contratados pela prefeitura municipal da cidade, conhecido por preservar o autentico forr\u00f3.&nbsp;Cantores do cen\u00e1rios nacional est\u00e3o dentro da programa\u00e7\u00e3o 2019 o que dever\u00e1 atrair milhares de pessoas at\u00e9 os festejos da cidade.&nbsp;<\/p>\n\n\n\n<h2 class=\"wp-block-heading\"><strong>VEJA A PROGRAMA\u00c7\u00c3O COMPLETA DO S\u00c3O JO\u00c3O DE SUM\u00c9 2019<\/strong><\/h2>\n\n\n\n<p><strong>Dia \u201314\/06<\/strong><\/p>\n\n\n\n<p>Felipe Warley<\/p>\n\n\n\n<p>Ramon Schnayder<\/p>\n\n\n\n<p><strong>Dia 15\/06<\/strong><\/p>\n\n\n\n<p>Forro D 2<\/p>\n\n\n\n<p>Waldonys<\/p>\n\n\n\n<p><strong>Dia 16\/06<\/strong><\/p>\n\n\n\n<p>Adriano Silva<\/p>\n\n\n\n<p>Katia Cilene<\/p>\n\n\n\n<p><strong>Dia 21\/06<\/strong><\/p>\n\n\n\n<p>Gente Boa<\/p>\n\n\n\n<p>Flavio Leandro<\/p>\n\n\n\n<p><strong>Dia 22\/06<\/strong><\/p>\n\n\n\n<p>Dejinha de Monteiro<\/p>\n\n\n\n<p>Irah Caldeira<\/p>\n\n\n\n<p><strong>Dia 23\/06<\/strong><\/p>\n\n\n\n<p>Forr\u00f3 Kente<\/p>\n\n\n\n<p>Os Gonzagas<\/p>\n","protected":false},"excerpt":{"rendered":"<p>A cidade de Sum\u00e9 vai realizar entre os dias 14 e 23 de junho as festividades juninas da cidade.&nbsp;O S\u00e3o Jo\u00e3o de&nbsp;Sum\u00e9&nbsp;tem uma caracter\u00edstica bem&hellip; <\/p>\n","protected":false},"author":1,"featured_media":94171,"comment_status":"closed","ping_status":"closed","sticky":false,"template":"","format":"standard","meta":{"sfsi_plus_gutenberg_text_before_share":"","sfsi_plus_gutenberg_show_text_before_share":"","sfsi_plus_gutenberg_icon_type":"","sfsi_plus_gutenberg_icon_alignemt":"","sfsi_plus_gutenburg_max_per_row":"","footnotes":""},"categories":[50,2],"tags":[],"class_list":["post-94170","post","type-post","status-publish","format-standard","has-post-thumbnail","hentry","category-destaque","category-geral"],"_links":{"self":[{"href":"https:\/\/www.caririemacao.com\/1\/wp-json\/wp\/v2\/posts\/94170","targetHints":{"allow":["GET"]}}],"collection":[{"href":"https:\/\/www.caririemacao.com\/1\/wp-json\/wp\/v2\/posts"}],"about":[{"href":"https:\/\/www.caririemacao.com\/1\/wp-json\/wp\/v2\/types\/post"}],"author":[{"embeddable":true,"href":"https:\/\/www.caririemacao.com\/1\/wp-json\/wp\/v2\/users\/1"}],"replies":[{"embeddable":true,"href":"https:\/\/www.caririemacao.com\/1\/wp-json\/wp\/v2\/comments?post=94170"}],"version-history":[{"count":1,"href":"https:\/\/www.caririemacao.com\/1\/wp-json\/wp\/v2\/posts\/94170\/revisions"}],"predecessor-version":[{"id":94172,"href":"https:\/\/www.caririemacao.com\/1\/wp-json\/wp\/v2\/posts\/94170\/revisions\/94172"}],"wp:featuredmedia":[{"embeddable":true,"href":"https:\/\/www.caririemacao.com\/1\/wp-json\/wp\/v2\/media\/94171"}],"wp:attachment":[{"href":"https:\/\/www.caririemacao.com\/1\/wp-json\/wp\/v2\/media?parent=94170"}],"wp:term":[{"taxonomy":"category","embeddable":true,"href":"https:\/\/www.caririemacao.com\/1\/wp-json\/wp\/v2\/categories?post=94170"},{"taxonomy":"post_tag","embeddable":true,"href":"https:\/\/www.caririemacao.com\/1\/wp-json\/wp\/v2\/tags?post=94170"}],"curies":[{"name":"wp","href":"https:\/\/api.w.org\/{rel}","templated":true}]}}