{"id":94186,"date":"2019-05-07T14:50:55","date_gmt":"2019-05-07T17:50:55","guid":{"rendered":"http:\/\/www.caririemacao.com\/1\/?p=94186"},"modified":"2019-05-07T14:50:55","modified_gmt":"2019-05-07T17:50:55","slug":"presidente-da-camara-de-sume-visita-inicio-das-obras-de-calcamento-na-vila-dos-chaves","status":"publish","type":"post","link":"https:\/\/www.caririemacao.com\/1\/2019\/05\/07\/presidente-da-camara-de-sume-visita-inicio-das-obras-de-calcamento-na-vila-dos-chaves\/","title":{"rendered":"Presidente da C\u00e2mara de Sum\u00e9 visita in\u00edcio das obras de cal\u00e7amento na Vila dos Chaves"},"content":{"rendered":"\n<div class=\"wp-block-image\"><figure class=\"aligncenter\"><a href=\"http:\/\/noticiasemdestaque.com\/cd\/wp-content\/uploads\/2019\/05\/4522ec39-140c-4dea-9622-55d90ee597cb.jpg\"><img decoding=\"async\" data-src=\"http:\/\/noticiasemdestaque.com\/cd\/wp-content\/uploads\/2019\/05\/4522ec39-140c-4dea-9622-55d90ee597cb-1024x768.jpg\" alt=\"\" class=\"wp-image-17039 lazyload\" src=\"data:image\/svg+xml;base64,PHN2ZyB3aWR0aD0iMSIgaGVpZ2h0PSIxIiB4bWxucz0iaHR0cDovL3d3dy53My5vcmcvMjAwMC9zdmciPjwvc3ZnPg==\" style=\"--smush-placeholder-width: 1024px; --smush-placeholder-aspect-ratio: 1024\/768;\" \/><\/a><\/figure><\/div>\n\n\n\n<p>O Presidente da C\u00e2mara de Vereadores de Sum\u00e9, Le\u00f4nidas Albino ( Bomba), esteve nesta ter\u00e7a-feira (07\/05) visitando a Vila dos Chaves. Na localidade o prefeito \u00c9den Duarte autorizou o in\u00edcio das obras de cal\u00e7amento.<\/p>\n\n\n\n<p>Bomba lembrou que assim que foi reeleito vereador na legislatura 2017-2020, elegeu como principal prioridade buscar junto ao prefeito \u00c9den o cal\u00e7amento da Vila dos Chaves, assim como o programa Porteiras Abertas.<\/p>\n\n\n\n<p>O presidente do Legislativo sumeense afirmou que est\u00e1 agradecido ao prefeito \u00c9den por ter realizado uma a\u00e7\u00e3o t\u00e3o importante para os moradores.<\/p>\n\n\n\n<p><em><strong>Not\u00edcias em Destaque<\/strong><\/em><\/p>\n","protected":false},"excerpt":{"rendered":"<p>O Presidente da C\u00e2mara de Vereadores de Sum\u00e9, Le\u00f4nidas Albino ( Bomba), esteve nesta ter\u00e7a-feira (07\/05) visitando a Vila dos Chaves. Na localidade o prefeito&hellip; <\/p>\n","protected":false},"author":1,"featured_media":94187,"comment_status":"closed","ping_status":"closed","sticky":false,"template":"","format":"standard","meta":{"sfsi_plus_gutenberg_text_before_share":"","sfsi_plus_gutenberg_show_text_before_share":"","sfsi_plus_gutenberg_icon_type":"","sfsi_plus_gutenberg_icon_alignemt":"","sfsi_plus_gutenburg_max_per_row":"","footnotes":""},"categories":[2],"tags":[],"class_list":["post-94186","post","type-post","status-publish","format-standard","has-post-thumbnail","hentry","category-geral"],"_links":{"self":[{"href":"https:\/\/www.caririemacao.com\/1\/wp-json\/wp\/v2\/posts\/94186","targetHints":{"allow":["GET"]}}],"collection":[{"href":"https:\/\/www.caririemacao.com\/1\/wp-json\/wp\/v2\/posts"}],"about":[{"href":"https:\/\/www.caririemacao.com\/1\/wp-json\/wp\/v2\/types\/post"}],"author":[{"embeddable":true,"href":"https:\/\/www.caririemacao.com\/1\/wp-json\/wp\/v2\/users\/1"}],"replies":[{"embeddable":true,"href":"https:\/\/www.caririemacao.com\/1\/wp-json\/wp\/v2\/comments?post=94186"}],"version-history":[{"count":1,"href":"https:\/\/www.caririemacao.com\/1\/wp-json\/wp\/v2\/posts\/94186\/revisions"}],"predecessor-version":[{"id":94188,"href":"https:\/\/www.caririemacao.com\/1\/wp-json\/wp\/v2\/posts\/94186\/revisions\/94188"}],"wp:featuredmedia":[{"embeddable":true,"href":"https:\/\/www.caririemacao.com\/1\/wp-json\/wp\/v2\/media\/94187"}],"wp:attachment":[{"href":"https:\/\/www.caririemacao.com\/1\/wp-json\/wp\/v2\/media?parent=94186"}],"wp:term":[{"taxonomy":"category","embeddable":true,"href":"https:\/\/www.caririemacao.com\/1\/wp-json\/wp\/v2\/categories?post=94186"},{"taxonomy":"post_tag","embeddable":true,"href":"https:\/\/www.caririemacao.com\/1\/wp-json\/wp\/v2\/tags?post=94186"}],"curies":[{"name":"wp","href":"https:\/\/api.w.org\/{rel}","templated":true}]}}