{"id":94189,"date":"2019-05-07T14:54:39","date_gmt":"2019-05-07T17:54:39","guid":{"rendered":"http:\/\/www.caririemacao.com\/1\/?p=94189"},"modified":"2019-05-07T14:54:39","modified_gmt":"2019-05-07T17:54:39","slug":"prefeitura-de-sao-sebastiao-do-umbuzeiro-firma-convenio-com-prefeitura-de-arcoverde-para-envio-do-lixo-do-municipio","status":"publish","type":"post","link":"https:\/\/www.caririemacao.com\/1\/2019\/05\/07\/prefeitura-de-sao-sebastiao-do-umbuzeiro-firma-convenio-com-prefeitura-de-arcoverde-para-envio-do-lixo-do-municipio\/","title":{"rendered":"Prefeitura de S\u00e3o Sebasti\u00e3o do Umbuzeiro firma conv\u00eanio com prefeitura de Arcoverde para envio do lixo do munic\u00edpio"},"content":{"rendered":"\n<p>Com o intuito de acabar com o lix\u00e3o no munic\u00edpio de S\u00e3o Sebasti\u00e3o do Umbuzeiro, a prefeitura municipal, atrav\u00e9s do prefeito Adriano Wolff, firmou um conv\u00eanio com a Prefeitura de Arcoverde\/PE, para o envio do lixo da cidade para o aterro sanit\u00e1rio de Arcoverde.<br>&#8220;Estamos buscando melhorar o estilo de vida dos umbuzeirenses e evitando doen\u00e7as que os lix\u00f5es ocasionam, e tamb\u00e9m cumprindo com a legisla\u00e7\u00e3o&#8221;, disse o gestor.<br>O lixo recolhido em S\u00e3o Sebasti\u00e3o do Umbuzeiro ser\u00e1 destinado para o aterro sanit\u00e1rio de Arcoverde e para o mesmo ser\u00e1 paga uma taxa de R$ 69,00 por tonelada de lixo.<br><\/p>\n\n\n\n<p>Cariridagente<\/p>\n","protected":false},"excerpt":{"rendered":"<p>Com o intuito de acabar com o lix\u00e3o no munic\u00edpio de S\u00e3o Sebasti\u00e3o do Umbuzeiro, a prefeitura municipal, atrav\u00e9s do prefeito Adriano Wolff, firmou um&hellip; <\/p>\n","protected":false},"author":1,"featured_media":71232,"comment_status":"closed","ping_status":"closed","sticky":false,"template":"","format":"standard","meta":{"sfsi_plus_gutenberg_text_before_share":"","sfsi_plus_gutenberg_show_text_before_share":"","sfsi_plus_gutenberg_icon_type":"","sfsi_plus_gutenberg_icon_alignemt":"","sfsi_plus_gutenburg_max_per_row":"","footnotes":""},"categories":[2],"tags":[],"class_list":["post-94189","post","type-post","status-publish","format-standard","has-post-thumbnail","hentry","category-geral"],"_links":{"self":[{"href":"https:\/\/www.caririemacao.com\/1\/wp-json\/wp\/v2\/posts\/94189","targetHints":{"allow":["GET"]}}],"collection":[{"href":"https:\/\/www.caririemacao.com\/1\/wp-json\/wp\/v2\/posts"}],"about":[{"href":"https:\/\/www.caririemacao.com\/1\/wp-json\/wp\/v2\/types\/post"}],"author":[{"embeddable":true,"href":"https:\/\/www.caririemacao.com\/1\/wp-json\/wp\/v2\/users\/1"}],"replies":[{"embeddable":true,"href":"https:\/\/www.caririemacao.com\/1\/wp-json\/wp\/v2\/comments?post=94189"}],"version-history":[{"count":1,"href":"https:\/\/www.caririemacao.com\/1\/wp-json\/wp\/v2\/posts\/94189\/revisions"}],"predecessor-version":[{"id":94191,"href":"https:\/\/www.caririemacao.com\/1\/wp-json\/wp\/v2\/posts\/94189\/revisions\/94191"}],"wp:featuredmedia":[{"embeddable":true,"href":"https:\/\/www.caririemacao.com\/1\/wp-json\/wp\/v2\/media\/71232"}],"wp:attachment":[{"href":"https:\/\/www.caririemacao.com\/1\/wp-json\/wp\/v2\/media?parent=94189"}],"wp:term":[{"taxonomy":"category","embeddable":true,"href":"https:\/\/www.caririemacao.com\/1\/wp-json\/wp\/v2\/categories?post=94189"},{"taxonomy":"post_tag","embeddable":true,"href":"https:\/\/www.caririemacao.com\/1\/wp-json\/wp\/v2\/tags?post=94189"}],"curies":[{"name":"wp","href":"https:\/\/api.w.org\/{rel}","templated":true}]}}