{"id":94195,"date":"2019-05-07T16:19:55","date_gmt":"2019-05-07T19:19:55","guid":{"rendered":"http:\/\/www.caririemacao.com\/1\/?p=94195"},"modified":"2019-05-07T16:19:55","modified_gmt":"2019-05-07T19:19:55","slug":"presidente-da-camara-de-caraubas-convida-populacao-para-reuniao-desta-terca-feira-09%ef%bb%bf-2","status":"publish","type":"post","link":"https:\/\/www.caririemacao.com\/1\/2019\/05\/07\/presidente-da-camara-de-caraubas-convida-populacao-para-reuniao-desta-terca-feira-09%ef%bb%bf-2\/","title":{"rendered":"Presidente da C\u00e2mara de Cara\u00fabas convida popula\u00e7\u00e3o para reuni\u00e3o desta ter\u00e7a-feira (09)\ufeff"},"content":{"rendered":"\n<p>O presidente da C\u00e2mara Municipal de Cara\u00fabas, Jos\u00e9 Franconero Silva de Sousa (Nero) convida toda popula\u00e7\u00e3o para participar da reuni\u00e3o ordin\u00e1ria que acontece na noite desta ter\u00e7a-feira, dia 07 de maio, \u00e0s 18h.<\/p>\n\n\n\n<p>Durante a sess\u00e3o ordin\u00e1ria, ser\u00e3o votados diversos projetos de interesse do munic\u00edpio de Cara\u00fabas. \u201cParticipem e interajam com a C\u00e2mara Municipal levando suas demandas e sugest\u00f5es aos parlamentares\u201d, acrescentou o presidente Nero.<\/p>\n","protected":false},"excerpt":{"rendered":"<p>O presidente da C\u00e2mara Municipal de Cara\u00fabas, Jos\u00e9 Franconero Silva de Sousa (Nero) convida toda popula\u00e7\u00e3o para participar da reuni\u00e3o ordin\u00e1ria que acontece na noite&hellip; <\/p>\n","protected":false},"author":2,"featured_media":94196,"comment_status":"closed","ping_status":"closed","sticky":false,"template":"","format":"standard","meta":{"sfsi_plus_gutenberg_text_before_share":"","sfsi_plus_gutenberg_show_text_before_share":"","sfsi_plus_gutenberg_icon_type":"","sfsi_plus_gutenberg_icon_alignemt":"","sfsi_plus_gutenburg_max_per_row":"","footnotes":""},"categories":[50,11],"tags":[],"class_list":["post-94195","post","type-post","status-publish","format-standard","has-post-thumbnail","hentry","category-destaque","category-politica"],"_links":{"self":[{"href":"https:\/\/www.caririemacao.com\/1\/wp-json\/wp\/v2\/posts\/94195","targetHints":{"allow":["GET"]}}],"collection":[{"href":"https:\/\/www.caririemacao.com\/1\/wp-json\/wp\/v2\/posts"}],"about":[{"href":"https:\/\/www.caririemacao.com\/1\/wp-json\/wp\/v2\/types\/post"}],"author":[{"embeddable":true,"href":"https:\/\/www.caririemacao.com\/1\/wp-json\/wp\/v2\/users\/2"}],"replies":[{"embeddable":true,"href":"https:\/\/www.caririemacao.com\/1\/wp-json\/wp\/v2\/comments?post=94195"}],"version-history":[{"count":1,"href":"https:\/\/www.caririemacao.com\/1\/wp-json\/wp\/v2\/posts\/94195\/revisions"}],"predecessor-version":[{"id":94197,"href":"https:\/\/www.caririemacao.com\/1\/wp-json\/wp\/v2\/posts\/94195\/revisions\/94197"}],"wp:featuredmedia":[{"embeddable":true,"href":"https:\/\/www.caririemacao.com\/1\/wp-json\/wp\/v2\/media\/94196"}],"wp:attachment":[{"href":"https:\/\/www.caririemacao.com\/1\/wp-json\/wp\/v2\/media?parent=94195"}],"wp:term":[{"taxonomy":"category","embeddable":true,"href":"https:\/\/www.caririemacao.com\/1\/wp-json\/wp\/v2\/categories?post=94195"},{"taxonomy":"post_tag","embeddable":true,"href":"https:\/\/www.caririemacao.com\/1\/wp-json\/wp\/v2\/tags?post=94195"}],"curies":[{"name":"wp","href":"https:\/\/api.w.org\/{rel}","templated":true}]}}