{"id":94202,"date":"2019-05-08T15:24:29","date_gmt":"2019-05-08T18:24:29","guid":{"rendered":"http:\/\/www.caririemacao.com\/1\/?p=94202"},"modified":"2019-05-08T15:24:29","modified_gmt":"2019-05-08T18:24:29","slug":"em-reuniao-camara-aprova-requerimento-e-destaca-programacao-dos-22-anos-de-caraubas","status":"publish","type":"post","link":"https:\/\/www.caririemacao.com\/1\/2019\/05\/08\/em-reuniao-camara-aprova-requerimento-e-destaca-programacao-dos-22-anos-de-caraubas\/","title":{"rendered":"Em reuni\u00e3o, C\u00e2mara aprova requerimento e destaca programa\u00e7\u00e3o dos 22 anos de Cara\u00fabas"},"content":{"rendered":"\n<p>Os vereadores caraubenses estiveram reunidos na noite desta\nter\u00e7a-feira, dia 07, para dar continuidade aos servi\u00e7os demandados pela\npopula\u00e7\u00e3o.<\/p>\n\n\n\n<p>Na pauta, constou a vota\u00e7\u00e3o de um requerimento do vereador Jos\u00e9 Josim\u00e1 (Bazoca) que pede a recupera\u00e7\u00e3o da Pra\u00e7a Dr. Mauro Farias, que, segundo o parlamentar, est\u00e1 necessitando de melhorias.<\/p>\n\n\n\n<p>O presidente Jos\u00e9 Franconero (Nero) destacou a programa\u00e7\u00e3o festiva dos 22 anos de Cara\u00fabas, enfatizando a tradicional cavalgada realizada no \u00faltimo s\u00e1bado (4). <\/p>\n\n\n\n<p>Durante a reuni\u00e3o, o secret\u00e1rio de sa\u00fade Leonardo usou da tribuna e falou sobre alguns questionamentos feitos pelos vereadores. Ele explicou, por exemplo, como funciona os servi\u00e7os de transporte para atender os caraubenses.<\/p>\n\n\n\n<p>Nero aproveitou para convidar todas as mulheres para participar de uma reuni\u00e3o especial que acontecer\u00e1 no dia 14 com homenagens as mulheres caraubenses. <\/p>\n\n\n\n<p><a href=\"https:\/\/www.facebook.com\/pg\/CaririEmAcao\/photos\/?tab=album&amp;album_id=1541126006023417\">VEJA TODAS AS FOTOS. CLIQUE NESTE LINK.<\/a><\/p>\n\n\n\n<figure class=\"wp-block-embed\"><div class=\"wp-block-embed__wrapper\">\n<div class=\"ose- ose-uid-70d718803eeaf5065f2c0d6aafeab940 ose-embedpress-responsive\" style=\"width:600px; height:550px; max-height:550px; max-width:100%; display:inline-block;\" data-embed-type=\"Facebook\"><iframe allowFullScreen=\"true\" class=\"embera-facebook-iframe-3b3f3 lazyload\" data-src=\"https:\/\/www.facebook.com\/plugins\/post.php?href=https%3A%2F%2Fwww.facebook.com%2Fpg%2FCaririEmAcao%2Fphotos%2F%3Ftab%3Dalbum%26%23038%3Balbum_id%3D1541126006023417&width=600&height=550&show_text=true\" width=\"600\" height=\"550\" style=\"border:none;overflow:hidden\" scrolling=\"no\" frameborder=\"0\" allowTransparency=\"true\" src=\"data:image\/svg+xml;base64,PHN2ZyB3aWR0aD0iMSIgaGVpZ2h0PSIxIiB4bWxucz0iaHR0cDovL3d3dy53My5vcmcvMjAwMC9zdmciPjwvc3ZnPg==\" data-load-mode=\"1\"><\/iframe><\/div>\n<\/div><\/figure>\n","protected":false},"excerpt":{"rendered":"<p>Os vereadores caraubenses estiveram reunidos na noite desta ter\u00e7a-feira, dia 07, para dar continuidade aos servi\u00e7os demandados pela popula\u00e7\u00e3o. Na pauta, constou a vota\u00e7\u00e3o de&hellip; <\/p>\n","protected":false},"author":2,"featured_media":94294,"comment_status":"closed","ping_status":"closed","sticky":false,"template":"","format":"standard","meta":{"sfsi_plus_gutenberg_text_before_share":"","sfsi_plus_gutenberg_show_text_before_share":"","sfsi_plus_gutenberg_icon_type":"","sfsi_plus_gutenberg_icon_alignemt":"","sfsi_plus_gutenburg_max_per_row":"","footnotes":""},"categories":[50,2],"tags":[],"class_list":["post-94202","post","type-post","status-publish","format-standard","has-post-thumbnail","hentry","category-destaque","category-geral"],"_links":{"self":[{"href":"https:\/\/www.caririemacao.com\/1\/wp-json\/wp\/v2\/posts\/94202","targetHints":{"allow":["GET"]}}],"collection":[{"href":"https:\/\/www.caririemacao.com\/1\/wp-json\/wp\/v2\/posts"}],"about":[{"href":"https:\/\/www.caririemacao.com\/1\/wp-json\/wp\/v2\/types\/post"}],"author":[{"embeddable":true,"href":"https:\/\/www.caririemacao.com\/1\/wp-json\/wp\/v2\/users\/2"}],"replies":[{"embeddable":true,"href":"https:\/\/www.caririemacao.com\/1\/wp-json\/wp\/v2\/comments?post=94202"}],"version-history":[{"count":2,"href":"https:\/\/www.caririemacao.com\/1\/wp-json\/wp\/v2\/posts\/94202\/revisions"}],"predecessor-version":[{"id":94297,"href":"https:\/\/www.caririemacao.com\/1\/wp-json\/wp\/v2\/posts\/94202\/revisions\/94297"}],"wp:featuredmedia":[{"embeddable":true,"href":"https:\/\/www.caririemacao.com\/1\/wp-json\/wp\/v2\/media\/94294"}],"wp:attachment":[{"href":"https:\/\/www.caririemacao.com\/1\/wp-json\/wp\/v2\/media?parent=94202"}],"wp:term":[{"taxonomy":"category","embeddable":true,"href":"https:\/\/www.caririemacao.com\/1\/wp-json\/wp\/v2\/categories?post=94202"},{"taxonomy":"post_tag","embeddable":true,"href":"https:\/\/www.caririemacao.com\/1\/wp-json\/wp\/v2\/tags?post=94202"}],"curies":[{"name":"wp","href":"https:\/\/api.w.org\/{rel}","templated":true}]}}