{"id":94204,"date":"2019-05-07T18:59:23","date_gmt":"2019-05-07T21:59:23","guid":{"rendered":"http:\/\/www.caririemacao.com\/1\/?p=94204"},"modified":"2019-05-07T18:59:23","modified_gmt":"2019-05-07T21:59:23","slug":"%ef%bb%bfadailsinho-queiroz-participa-de-audiencia-do-ode-e-defende-demandas-para-gurjao","status":"publish","type":"post","link":"https:\/\/www.caririemacao.com\/1\/2019\/05\/07\/%ef%bb%bfadailsinho-queiroz-participa-de-audiencia-do-ode-e-defende-demandas-para-gurjao\/","title":{"rendered":"\ufeffAdailsinho Queiroz participa de audi\u00eancia do ODE e defende demandas para Gurj\u00e3o"},"content":{"rendered":"\n<p>O vereador Adailsinho Queiroz (PSB), do munic\u00edpio de Gurj\u00e3o,\nparticipou neste s\u00e1bado (04), da plen\u00e1ria da 5\u00aa Regi\u00e3o do ODE. A primeira\naudi\u00eancia p\u00fablica regional do Or\u00e7amento Democr\u00e1tico Estadual no comando do\ngovernador Joao Azevedo na cidade de Sum\u00e9.<\/p>\n\n\n\n<p>Antes de come\u00e7ar a Audi\u00eancia do ODE, o vereador Adailsinho\nesteve com o governador Jo\u00e3o Azevedo e solicitou investimentos para a cidade de\nGurj\u00e3o, defendendo demandas da popula\u00e7\u00e3o.<\/p>\n\n\n\n<p>\u201cViemos acompanhar nosso governador e trazermos demandas defendidas pela popula\u00e7\u00e3o de Gurj\u00e3o. Essa ferramenta \u00e9 importante porque o povo est\u00e1 tendo a oportunidade de dialogar diretamente com o governador Jo\u00e3o Azevedo\u201d, destacou.<\/p>\n\n\n\n<figure class=\"wp-block-image\"><img fetchpriority=\"high\" decoding=\"async\" width=\"1024\" height=\"683\" src=\"http:\/\/www.caririemacao.com\/1\/wp-content\/uploads\/2019\/05\/ALBUM-1-129-1024x683.jpg\" alt=\"\" class=\"wp-image-94206\" srcset=\"https:\/\/www.caririemacao.com\/1\/wp-content\/uploads\/2019\/05\/ALBUM-1-129-1024x683.jpg 1024w, https:\/\/www.caririemacao.com\/1\/wp-content\/uploads\/2019\/05\/ALBUM-1-129-300x200.jpg 300w, https:\/\/www.caririemacao.com\/1\/wp-content\/uploads\/2019\/05\/ALBUM-1-129-768x512.jpg 768w\" sizes=\"(max-width: 1024px) 100vw, 1024px\" \/><\/figure>\n\n\n\n<p>O parlamentar tamb\u00e9m esteve acompanhado da sua esposa dona Ana Lu\u00edza e do deputado federal Gerv\u00e1sio Maia.<\/p>\n","protected":false},"excerpt":{"rendered":"<p>O vereador Adailsinho Queiroz (PSB), do munic\u00edpio de Gurj\u00e3o, participou neste s\u00e1bado (04), da plen\u00e1ria da 5\u00aa Regi\u00e3o do ODE. A primeira audi\u00eancia p\u00fablica regional&hellip; <\/p>\n","protected":false},"author":2,"featured_media":94205,"comment_status":"closed","ping_status":"closed","sticky":false,"template":"","format":"standard","meta":{"sfsi_plus_gutenberg_text_before_share":"","sfsi_plus_gutenberg_show_text_before_share":"","sfsi_plus_gutenberg_icon_type":"","sfsi_plus_gutenberg_icon_alignemt":"","sfsi_plus_gutenburg_max_per_row":"","footnotes":""},"categories":[50,11],"tags":[],"class_list":["post-94204","post","type-post","status-publish","format-standard","has-post-thumbnail","hentry","category-destaque","category-politica"],"_links":{"self":[{"href":"https:\/\/www.caririemacao.com\/1\/wp-json\/wp\/v2\/posts\/94204","targetHints":{"allow":["GET"]}}],"collection":[{"href":"https:\/\/www.caririemacao.com\/1\/wp-json\/wp\/v2\/posts"}],"about":[{"href":"https:\/\/www.caririemacao.com\/1\/wp-json\/wp\/v2\/types\/post"}],"author":[{"embeddable":true,"href":"https:\/\/www.caririemacao.com\/1\/wp-json\/wp\/v2\/users\/2"}],"replies":[{"embeddable":true,"href":"https:\/\/www.caririemacao.com\/1\/wp-json\/wp\/v2\/comments?post=94204"}],"version-history":[{"count":1,"href":"https:\/\/www.caririemacao.com\/1\/wp-json\/wp\/v2\/posts\/94204\/revisions"}],"predecessor-version":[{"id":94207,"href":"https:\/\/www.caririemacao.com\/1\/wp-json\/wp\/v2\/posts\/94204\/revisions\/94207"}],"wp:featuredmedia":[{"embeddable":true,"href":"https:\/\/www.caririemacao.com\/1\/wp-json\/wp\/v2\/media\/94205"}],"wp:attachment":[{"href":"https:\/\/www.caririemacao.com\/1\/wp-json\/wp\/v2\/media?parent=94204"}],"wp:term":[{"taxonomy":"category","embeddable":true,"href":"https:\/\/www.caririemacao.com\/1\/wp-json\/wp\/v2\/categories?post=94204"},{"taxonomy":"post_tag","embeddable":true,"href":"https:\/\/www.caririemacao.com\/1\/wp-json\/wp\/v2\/tags?post=94204"}],"curies":[{"name":"wp","href":"https:\/\/api.w.org\/{rel}","templated":true}]}}