{"id":94209,"date":"2019-05-07T20:10:15","date_gmt":"2019-05-07T23:10:15","guid":{"rendered":"http:\/\/www.caririemacao.com\/1\/?p=94209"},"modified":"2019-05-07T20:11:36","modified_gmt":"2019-05-07T23:11:36","slug":"sabado-4-de-maio-de-2019-prefeitura-de-gurjao-realiza-cerimonia-de-posse-de-estagiarios","status":"publish","type":"post","link":"https:\/\/www.caririemacao.com\/1\/2019\/05\/07\/sabado-4-de-maio-de-2019-prefeitura-de-gurjao-realiza-cerimonia-de-posse-de-estagiarios\/","title":{"rendered":"Prefeitura de Gurj\u00e3o empossa estagi\u00e1rios"},"content":{"rendered":"\n<p>O Prefeito Ronaldo Queiroz realizou na manh\u00e3 deste s\u00e1bado (04) no Audit\u00f3rio In\u00e1cio Alves Calu\u00eate, cerimonia de posse aos estagi\u00e1rios que foram aprovados no processo seletivo realizado pelo IEL- Instituto Euvaldo Lodi. <\/p>\n\n\n\n<p>Foram empossado 12 novos estagi\u00e1rios, o est\u00e1gio tem o prazo de 12 (doze) meses, prorrog\u00e1veis, estagi\u00e1rios ir\u00e3o atuar nas secretarias, de acordo com o curso a qual est\u00e3o cursando, ainda ser\u00e1 concedida bolsa mensal.<br>No evento, esteve presentes vereadores, Secret\u00e1ria, Representantes da IEL, pais e familiares dos estagi\u00e1rios.<\/p>\n\n\n\n<p>Oxente Gurj\u00e3o<\/p>\n","protected":false},"excerpt":{"rendered":"<p>O Prefeito Ronaldo Queiroz realizou na manh\u00e3 deste s\u00e1bado (04) no Audit\u00f3rio In\u00e1cio Alves Calu\u00eate, cerimonia de posse aos estagi\u00e1rios que foram aprovados no processo&hellip; <\/p>\n","protected":false},"author":2,"featured_media":94210,"comment_status":"closed","ping_status":"closed","sticky":false,"template":"","format":"standard","meta":{"sfsi_plus_gutenberg_text_before_share":"","sfsi_plus_gutenberg_show_text_before_share":"","sfsi_plus_gutenberg_icon_type":"","sfsi_plus_gutenberg_icon_alignemt":"","sfsi_plus_gutenburg_max_per_row":"","footnotes":""},"categories":[6,50],"tags":[],"class_list":["post-94209","post","type-post","status-publish","format-standard","has-post-thumbnail","hentry","category-cidades","category-destaque"],"_links":{"self":[{"href":"https:\/\/www.caririemacao.com\/1\/wp-json\/wp\/v2\/posts\/94209","targetHints":{"allow":["GET"]}}],"collection":[{"href":"https:\/\/www.caririemacao.com\/1\/wp-json\/wp\/v2\/posts"}],"about":[{"href":"https:\/\/www.caririemacao.com\/1\/wp-json\/wp\/v2\/types\/post"}],"author":[{"embeddable":true,"href":"https:\/\/www.caririemacao.com\/1\/wp-json\/wp\/v2\/users\/2"}],"replies":[{"embeddable":true,"href":"https:\/\/www.caririemacao.com\/1\/wp-json\/wp\/v2\/comments?post=94209"}],"version-history":[{"count":4,"href":"https:\/\/www.caririemacao.com\/1\/wp-json\/wp\/v2\/posts\/94209\/revisions"}],"predecessor-version":[{"id":94217,"href":"https:\/\/www.caririemacao.com\/1\/wp-json\/wp\/v2\/posts\/94209\/revisions\/94217"}],"wp:featuredmedia":[{"embeddable":true,"href":"https:\/\/www.caririemacao.com\/1\/wp-json\/wp\/v2\/media\/94210"}],"wp:attachment":[{"href":"https:\/\/www.caririemacao.com\/1\/wp-json\/wp\/v2\/media?parent=94209"}],"wp:term":[{"taxonomy":"category","embeddable":true,"href":"https:\/\/www.caririemacao.com\/1\/wp-json\/wp\/v2\/categories?post=94209"},{"taxonomy":"post_tag","embeddable":true,"href":"https:\/\/www.caririemacao.com\/1\/wp-json\/wp\/v2\/tags?post=94209"}],"curies":[{"name":"wp","href":"https:\/\/api.w.org\/{rel}","templated":true}]}}