{"id":94218,"date":"2019-05-07T21:23:53","date_gmt":"2019-05-08T00:23:53","guid":{"rendered":"http:\/\/www.caririemacao.com\/1\/?p=94218"},"modified":"2019-05-07T21:23:53","modified_gmt":"2019-05-08T00:23:53","slug":"camara-de-sume-aprova-projetos-que-autoriza-a-criacao-de-novos-cargos-para-o-concurso-publico","status":"publish","type":"post","link":"https:\/\/www.caririemacao.com\/1\/2019\/05\/07\/camara-de-sume-aprova-projetos-que-autoriza-a-criacao-de-novos-cargos-para-o-concurso-publico\/","title":{"rendered":"C\u00e2mara de Sum\u00e9 aprova projetos que autoriza a cria\u00e7\u00e3o de novos cargos para o concurso p\u00fablico"},"content":{"rendered":"\n<p>Na reuni\u00e3o da C\u00e2mara Municipal de Sum\u00e9 desta ter\u00e7a-feira (07\/06), foram aprovados dois projetos de Lei de autoria do Poder Executivo o 510 e 511, que autoriza a cria\u00e7\u00e3o de cargos para um novo concurso p\u00fablico.<\/p>\n\n\n\n<p>Os projetos de lei criam os seguintes cargos: Auxiliar de desenvolvimento cognitivo infantil e professores do ensino fundamental II com habilita\u00e7\u00e3o em dan\u00e7a, m\u00fasica e habilita\u00e7\u00e3o em inform\u00e1tica, t\u00e9cnico em contabilidade e cuidador educacional.<\/p>\n\n\n\n<p>A previs\u00e3o de lan\u00e7amento do Edital do Concurso P\u00fablico do munic\u00edpio \u00e9 para o pr\u00f3ximo m\u00eas de junho.<\/p>\n\n\n\n<p>Ascom\/C\u00e2mara<\/p>\n","protected":false},"excerpt":{"rendered":"<p>Na reuni\u00e3o da C\u00e2mara Municipal de Sum\u00e9 desta ter\u00e7a-feira (07\/06), foram aprovados dois projetos de Lei de autoria do Poder Executivo o 510 e 511,&hellip; <\/p>\n","protected":false},"author":1,"featured_media":94219,"comment_status":"closed","ping_status":"closed","sticky":false,"template":"","format":"standard","meta":{"sfsi_plus_gutenberg_text_before_share":"","sfsi_plus_gutenberg_show_text_before_share":"","sfsi_plus_gutenberg_icon_type":"","sfsi_plus_gutenberg_icon_alignemt":"","sfsi_plus_gutenburg_max_per_row":"","footnotes":""},"categories":[50,2],"tags":[],"class_list":["post-94218","post","type-post","status-publish","format-standard","has-post-thumbnail","hentry","category-destaque","category-geral"],"_links":{"self":[{"href":"https:\/\/www.caririemacao.com\/1\/wp-json\/wp\/v2\/posts\/94218","targetHints":{"allow":["GET"]}}],"collection":[{"href":"https:\/\/www.caririemacao.com\/1\/wp-json\/wp\/v2\/posts"}],"about":[{"href":"https:\/\/www.caririemacao.com\/1\/wp-json\/wp\/v2\/types\/post"}],"author":[{"embeddable":true,"href":"https:\/\/www.caririemacao.com\/1\/wp-json\/wp\/v2\/users\/1"}],"replies":[{"embeddable":true,"href":"https:\/\/www.caririemacao.com\/1\/wp-json\/wp\/v2\/comments?post=94218"}],"version-history":[{"count":1,"href":"https:\/\/www.caririemacao.com\/1\/wp-json\/wp\/v2\/posts\/94218\/revisions"}],"predecessor-version":[{"id":94220,"href":"https:\/\/www.caririemacao.com\/1\/wp-json\/wp\/v2\/posts\/94218\/revisions\/94220"}],"wp:featuredmedia":[{"embeddable":true,"href":"https:\/\/www.caririemacao.com\/1\/wp-json\/wp\/v2\/media\/94219"}],"wp:attachment":[{"href":"https:\/\/www.caririemacao.com\/1\/wp-json\/wp\/v2\/media?parent=94218"}],"wp:term":[{"taxonomy":"category","embeddable":true,"href":"https:\/\/www.caririemacao.com\/1\/wp-json\/wp\/v2\/categories?post=94218"},{"taxonomy":"post_tag","embeddable":true,"href":"https:\/\/www.caririemacao.com\/1\/wp-json\/wp\/v2\/tags?post=94218"}],"curies":[{"name":"wp","href":"https:\/\/api.w.org\/{rel}","templated":true}]}}