{"id":94223,"date":"2019-05-08T09:29:30","date_gmt":"2019-05-08T12:29:30","guid":{"rendered":"http:\/\/www.caririemacao.com\/1\/?p=94223"},"modified":"2019-05-08T09:29:30","modified_gmt":"2019-05-08T12:29:30","slug":"governo-cria-semana-estadual-de-incentivo-ao-ciclismo-na-paraiba","status":"publish","type":"post","link":"https:\/\/www.caririemacao.com\/1\/2019\/05\/08\/governo-cria-semana-estadual-de-incentivo-ao-ciclismo-na-paraiba\/","title":{"rendered":"Governo cria semana estadual de incentivo ao ciclismo, na Para\u00edba"},"content":{"rendered":"\n<p>Foi institu\u00edda a semana estadual de incentivo ao ciclismo no calend\u00e1rio oficial da Para\u00edba. A lei, de autoria do deputado Ricardo Barbosa (PSB) foi sancionada nesta quarta-feira (8) e publicada no Di\u00e1rio Oficial do Estado (DOE).<\/p>\n\n\n\n<p>A semana ser\u00e1 celebrada anualmente no in\u00edcio da segunda quinzena do m\u00eas de agosto de cada ano.<\/p>\n\n\n\n<p>Os objetos s\u00e3o difundir o uso da bicicleta, tanto na forma de exerc\u00edcio f\u00edsico, quanto como meio de transporte; promover a conscientiza\u00e7\u00e3o da import\u00e2ncia do ciclismo e da pr\u00e1tica de esportes como instrumentos de qualidade de vida; buscar solu\u00e7\u00f5es para a viabiliza\u00e7\u00e3o de vias exclusivas para os ciclistas, promovendo melhorias no tr\u00e2nsito; desenvolver o m\u00fatuo respeito entre ciclistas, motoristas e pedestres; e incentivar o uso de transportes alternativos, como forma de reduzir a polui\u00e7\u00e3o do meio ambiente.<\/p>\n","protected":false},"excerpt":{"rendered":"<p>Foi institu\u00edda a semana estadual de incentivo ao ciclismo no calend\u00e1rio oficial da Para\u00edba. A lei, de autoria do deputado Ricardo Barbosa (PSB) foi sancionada&hellip; <\/p>\n","protected":false},"author":1,"featured_media":94224,"comment_status":"closed","ping_status":"closed","sticky":false,"template":"","format":"standard","meta":{"sfsi_plus_gutenberg_text_before_share":"","sfsi_plus_gutenberg_show_text_before_share":"","sfsi_plus_gutenberg_icon_type":"","sfsi_plus_gutenberg_icon_alignemt":"","sfsi_plus_gutenburg_max_per_row":"","footnotes":""},"categories":[2],"tags":[],"class_list":["post-94223","post","type-post","status-publish","format-standard","has-post-thumbnail","hentry","category-geral"],"_links":{"self":[{"href":"https:\/\/www.caririemacao.com\/1\/wp-json\/wp\/v2\/posts\/94223","targetHints":{"allow":["GET"]}}],"collection":[{"href":"https:\/\/www.caririemacao.com\/1\/wp-json\/wp\/v2\/posts"}],"about":[{"href":"https:\/\/www.caririemacao.com\/1\/wp-json\/wp\/v2\/types\/post"}],"author":[{"embeddable":true,"href":"https:\/\/www.caririemacao.com\/1\/wp-json\/wp\/v2\/users\/1"}],"replies":[{"embeddable":true,"href":"https:\/\/www.caririemacao.com\/1\/wp-json\/wp\/v2\/comments?post=94223"}],"version-history":[{"count":1,"href":"https:\/\/www.caririemacao.com\/1\/wp-json\/wp\/v2\/posts\/94223\/revisions"}],"predecessor-version":[{"id":94225,"href":"https:\/\/www.caririemacao.com\/1\/wp-json\/wp\/v2\/posts\/94223\/revisions\/94225"}],"wp:featuredmedia":[{"embeddable":true,"href":"https:\/\/www.caririemacao.com\/1\/wp-json\/wp\/v2\/media\/94224"}],"wp:attachment":[{"href":"https:\/\/www.caririemacao.com\/1\/wp-json\/wp\/v2\/media?parent=94223"}],"wp:term":[{"taxonomy":"category","embeddable":true,"href":"https:\/\/www.caririemacao.com\/1\/wp-json\/wp\/v2\/categories?post=94223"},{"taxonomy":"post_tag","embeddable":true,"href":"https:\/\/www.caririemacao.com\/1\/wp-json\/wp\/v2\/tags?post=94223"}],"curies":[{"name":"wp","href":"https:\/\/api.w.org\/{rel}","templated":true}]}}