{"id":94226,"date":"2019-05-08T09:33:41","date_gmt":"2019-05-08T12:33:41","guid":{"rendered":"http:\/\/www.caririemacao.com\/1\/?p=94226"},"modified":"2019-05-08T09:33:41","modified_gmt":"2019-05-08T12:33:41","slug":"bolsonaro-reune-governadores-e-lideres-do-senado-para-discutir-pacto-federativo-e-previdencia","status":"publish","type":"post","link":"https:\/\/www.caririemacao.com\/1\/2019\/05\/08\/bolsonaro-reune-governadores-e-lideres-do-senado-para-discutir-pacto-federativo-e-previdencia\/","title":{"rendered":"Bolsonaro re\u00fane governadores e l\u00edderes do Senado para discutir pacto federativo e Previd\u00eancia"},"content":{"rendered":"\n<p>O presidente Jair Bolsonaro j\u00e1 est\u00e1 reunido com governadores e l\u00edderes do Senado, para tratar do pacto federativo e da reforma da Previd\u00eancia. Bolsonaro chegou por volta das 7h10 para o encontro, organizado pelo presidente do Senado, Davi Alcolumbre, em sua resid\u00eancia oficial, em Bras\u00edlia.<\/p>\n\n\n\n<p>O&nbsp;ministro da Casa Civil, Onyx Lorenzoni, tamb\u00e9m participa, assim como o presidente da C\u00e2mara dos Deputados, Rodrigo Maia.<\/p>\n\n\n\n<p>Todos os l\u00edderes do Senado foram convidados, inclusive os da oposi\u00e7\u00e3o e da minoria.&nbsp;<br>Dos 27 governadores, apenas tr\u00eas, o do Paran\u00e1, de Mato Grosso e do Amazonas, n\u00e3o participam. Os governadores da Para\u00edba, de Pernambuco, S\u00e3o Paulo e da Bahia est\u00e3o representados pelos seus vices.<\/p>\n\n\n\n<p>Enquanto a C\u00e2mara trabalha na tramita\u00e7\u00e3o da reforma da Previd\u00eancia, o Senado est\u00e1 empenhado em se debru\u00e7ar sobre o novo pacto federativo.&nbsp;<\/p>\n\n\n\n<p>A expectativa de parlamentares, governadores e prefeitos \u00e9 de que a medida contribua para&nbsp; melhorar a situa\u00e7\u00e3o financeira de seus governos e, consequentemente, das economias locais.<\/p>\n\n\n\n<p>No \u00faltimo dia 17 de abril, Alcolumbre se reuniu com o ministro da Economia, Paulo Guedes, e os dois defenderam que o trato pol\u00edtico, social e econ\u00f4mico entre o Executivo e os entes federados precisa ser aperfei\u00e7oado, com nova redistribui\u00e7\u00e3o de recursos.<\/p>\n\n\n\n<p>Ag\u00eancia Brasil<\/p>\n","protected":false},"excerpt":{"rendered":"<p>O presidente Jair Bolsonaro j\u00e1 est\u00e1 reunido com governadores e l\u00edderes do Senado, para tratar do pacto federativo e da reforma da Previd\u00eancia. Bolsonaro chegou&hellip; <\/p>\n","protected":false},"author":1,"featured_media":93815,"comment_status":"closed","ping_status":"closed","sticky":false,"template":"","format":"standard","meta":{"sfsi_plus_gutenberg_text_before_share":"","sfsi_plus_gutenberg_show_text_before_share":"","sfsi_plus_gutenberg_icon_type":"","sfsi_plus_gutenberg_icon_alignemt":"","sfsi_plus_gutenburg_max_per_row":"","footnotes":""},"categories":[11],"tags":[],"class_list":["post-94226","post","type-post","status-publish","format-standard","has-post-thumbnail","hentry","category-politica"],"_links":{"self":[{"href":"https:\/\/www.caririemacao.com\/1\/wp-json\/wp\/v2\/posts\/94226","targetHints":{"allow":["GET"]}}],"collection":[{"href":"https:\/\/www.caririemacao.com\/1\/wp-json\/wp\/v2\/posts"}],"about":[{"href":"https:\/\/www.caririemacao.com\/1\/wp-json\/wp\/v2\/types\/post"}],"author":[{"embeddable":true,"href":"https:\/\/www.caririemacao.com\/1\/wp-json\/wp\/v2\/users\/1"}],"replies":[{"embeddable":true,"href":"https:\/\/www.caririemacao.com\/1\/wp-json\/wp\/v2\/comments?post=94226"}],"version-history":[{"count":1,"href":"https:\/\/www.caririemacao.com\/1\/wp-json\/wp\/v2\/posts\/94226\/revisions"}],"predecessor-version":[{"id":94227,"href":"https:\/\/www.caririemacao.com\/1\/wp-json\/wp\/v2\/posts\/94226\/revisions\/94227"}],"wp:featuredmedia":[{"embeddable":true,"href":"https:\/\/www.caririemacao.com\/1\/wp-json\/wp\/v2\/media\/93815"}],"wp:attachment":[{"href":"https:\/\/www.caririemacao.com\/1\/wp-json\/wp\/v2\/media?parent=94226"}],"wp:term":[{"taxonomy":"category","embeddable":true,"href":"https:\/\/www.caririemacao.com\/1\/wp-json\/wp\/v2\/categories?post=94226"},{"taxonomy":"post_tag","embeddable":true,"href":"https:\/\/www.caririemacao.com\/1\/wp-json\/wp\/v2\/tags?post=94226"}],"curies":[{"name":"wp","href":"https:\/\/api.w.org\/{rel}","templated":true}]}}