{"id":94233,"date":"2019-05-08T10:18:15","date_gmt":"2019-05-08T13:18:15","guid":{"rendered":"http:\/\/www.caririemacao.com\/1\/?p=94233"},"modified":"2019-05-08T10:18:15","modified_gmt":"2019-05-08T13:18:15","slug":"encontro-de-cadaver-e-registrado-na-manha-desta-quarta-08-05-em-santa-luzia-pb","status":"publish","type":"post","link":"https:\/\/www.caririemacao.com\/1\/2019\/05\/08\/encontro-de-cadaver-e-registrado-na-manha-desta-quarta-08-05-em-santa-luzia-pb\/","title":{"rendered":"Encontro de cad\u00e1ver \u00e9 registrado na manh\u00e3 desta quarta 08\/05, em Santa Luzia PB"},"content":{"rendered":"\n<p> Foi encontrado na manh\u00e3 desta quarta dia 08\/05, em Santa Luzia PB, um corpo de um homem sem vida.<\/p>\n\n\n\n<p><br>A Policia Militar recebeu informa\u00e7\u00f5es de um corpo sem vida na zona rural de Santa Luzia, pr\u00f3ximo\u00a0a localidade de Campo Prata.<\/p>\n\n\n\n<p><br>Segundo informa\u00e7\u00f5es o corpo encontrado foi identificado inicialmente como sendo o de Welligntom de Lima Silva de 28 anos.<\/p>\n\n\n\n<p><br>Ainda n\u00e3o se sabe a causa morte, sabe se que a vitima estava desaparecido desde a ultima segunda 06\/05, e que h\u00e1 relatos que foi ouvidos estampidos de arma de fogo na dire\u00e7\u00e3o do local do achado do corpo.<\/p>\n\n\n\n<p><br>A Policia Militar isolou a \u00e1rea e acionou a pericia e a policia civil.\u00a0H\u00e1 possibilidade da morte ter sido um homic\u00eddio, fato a ser confirmado pela pericia que est\u00e1 indo pra o local do fato.<br><\/p>\n\n\n\n<figure class=\"wp-block-image\"><a href=\"https:\/\/4.bp.blogspot.com\/-SsNca5Secjw\/XNLUP3odkxI\/AAAAAAAAj6g\/8rPDlYgtiFAIqAhaZSmyNXV6RPiEHl_JgCLcBGAs\/s1600\/123.jpg\"><img decoding=\"async\" data-src=\"https:\/\/4.bp.blogspot.com\/-SsNca5Secjw\/XNLUP3odkxI\/AAAAAAAAj6g\/8rPDlYgtiFAIqAhaZSmyNXV6RPiEHl_JgCLcBGAs\/s640\/123.jpg\" alt=\"\" src=\"data:image\/svg+xml;base64,PHN2ZyB3aWR0aD0iMSIgaGVpZ2h0PSIxIiB4bWxucz0iaHR0cDovL3d3dy53My5vcmcvMjAwMC9zdmciPjwvc3ZnPg==\" class=\"lazyload\" \/><\/a><\/figure>\n","protected":false},"excerpt":{"rendered":"<p>Foi encontrado na manh\u00e3 desta quarta dia 08\/05, em Santa Luzia PB, um corpo de um homem sem vida. A Policia Militar recebeu informa\u00e7\u00f5es de&hellip; <\/p>\n","protected":false},"author":1,"featured_media":94234,"comment_status":"closed","ping_status":"closed","sticky":false,"template":"","format":"standard","meta":{"sfsi_plus_gutenberg_text_before_share":"","sfsi_plus_gutenberg_show_text_before_share":"","sfsi_plus_gutenberg_icon_type":"","sfsi_plus_gutenberg_icon_alignemt":"","sfsi_plus_gutenburg_max_per_row":"","footnotes":""},"categories":[50,12],"tags":[],"class_list":["post-94233","post","type-post","status-publish","format-standard","has-post-thumbnail","hentry","category-destaque","category-policia"],"_links":{"self":[{"href":"https:\/\/www.caririemacao.com\/1\/wp-json\/wp\/v2\/posts\/94233","targetHints":{"allow":["GET"]}}],"collection":[{"href":"https:\/\/www.caririemacao.com\/1\/wp-json\/wp\/v2\/posts"}],"about":[{"href":"https:\/\/www.caririemacao.com\/1\/wp-json\/wp\/v2\/types\/post"}],"author":[{"embeddable":true,"href":"https:\/\/www.caririemacao.com\/1\/wp-json\/wp\/v2\/users\/1"}],"replies":[{"embeddable":true,"href":"https:\/\/www.caririemacao.com\/1\/wp-json\/wp\/v2\/comments?post=94233"}],"version-history":[{"count":1,"href":"https:\/\/www.caririemacao.com\/1\/wp-json\/wp\/v2\/posts\/94233\/revisions"}],"predecessor-version":[{"id":94235,"href":"https:\/\/www.caririemacao.com\/1\/wp-json\/wp\/v2\/posts\/94233\/revisions\/94235"}],"wp:featuredmedia":[{"embeddable":true,"href":"https:\/\/www.caririemacao.com\/1\/wp-json\/wp\/v2\/media\/94234"}],"wp:attachment":[{"href":"https:\/\/www.caririemacao.com\/1\/wp-json\/wp\/v2\/media?parent=94233"}],"wp:term":[{"taxonomy":"category","embeddable":true,"href":"https:\/\/www.caririemacao.com\/1\/wp-json\/wp\/v2\/categories?post=94233"},{"taxonomy":"post_tag","embeddable":true,"href":"https:\/\/www.caririemacao.com\/1\/wp-json\/wp\/v2\/tags?post=94233"}],"curies":[{"name":"wp","href":"https:\/\/api.w.org\/{rel}","templated":true}]}}