{"id":94241,"date":"2019-05-08T11:36:39","date_gmt":"2019-05-08T14:36:39","guid":{"rendered":"http:\/\/www.caririemacao.com\/1\/?p=94241"},"modified":"2019-05-08T19:15:18","modified_gmt":"2019-05-08T22:15:18","slug":"bomba-visita-assentamento-mandacaru-e-divulga-realizacao-de-sessao-itinerante-na-comunidade","status":"publish","type":"post","link":"https:\/\/www.caririemacao.com\/1\/2019\/05\/08\/bomba-visita-assentamento-mandacaru-e-divulga-realizacao-de-sessao-itinerante-na-comunidade\/","title":{"rendered":"Bomba visita Assentamento Mandacar\u00fa e divulga realiza\u00e7\u00e3o de sess\u00e3o itinerante na comunidade"},"content":{"rendered":"\n<p>O presidente da C\u00e2mara de Sum\u00e9, Le\u00f4nidas Albino (Bomba), esteve visitando o Assentamento Mandacaru que tem a frente o Presidente Maraca.<br> Na oportunidade conversou tamb\u00e9m com a presidente da Associa\u00e7\u00e3o Carimb\u00fa (que realiza trabalho com umbu e produtos) Nazar\u00e9 Queiroz.<\/p>\n\n\n\n<p>Bomba explicou que a visita serviu para conversar com moradores e conhecer de perto o trabalho desenvolvimento por Nazar\u00e9. \u201cNazar\u00e9 vem desenvolvendo um trabalho muito importante  criando alternativas voltadas para o desenvolvimento sustent\u00e1vel da regi\u00e3o atrav\u00e9s do Umbu&#8221; destacou.<\/p>\n\n\n\n<p>O presidente tamb\u00e9m informou que ir\u00e1 realizar a primeira Reuni\u00e3o Itinerante da C\u00e2mara Municipal, sendo o Assentamento Mandacaru, a primeira comunidade a contar com este servi\u00e7o do Poder Legislativo Municipal, objetivando ouvir a popula\u00e7\u00e3o da comunidade, faltando apenas agendar com o presidente a data para a primeira sess\u00e3o itinerante.<\/p>\n\n\n\n<p>O presidente da C\u00e2mara de Sum\u00e9, Le\u00f4nidas Albino (Bomba), esteve visitando o Assentamento Mandacar\u00fa, zona rural de Sum\u00e9, que tem como presidente Maraca.<\/p>\n\n\n\n<p>Na ocasi\u00e3o, Bomba esteve conversando com a presidente da Associa\u00e7\u00e3o  <br>Carimb\u00fa, Nazar\u00e9 Queiroz. Bomba explicou que a visita serviu para conversar com moradores e conhecer de perto o trabalho desenvolvimento por Nazar\u00e9. \u201cNazar\u00e9 vem desenvolvendo um trabalho muito importante e criando alternativas voltadas para o desenvolvimento sustent\u00e1vel da regi\u00e3o\u201d, destacou. <\/p>\n\n\n\n<p>O presidente tamb\u00e9m informou que ir\u00e1 realizar a primeira Reuni\u00e3o Itinerante desta legislatura da C\u00e2mara Municipal, sendo o Assentamento Mandacaru, a primeira comunidade a contar com este espa\u00e7o democr\u00e1tico do Poder Legislativo Municipal, objetivando ouvir a popula\u00e7\u00e3o da comunidade, faltando apenas agendar com a presidente a data para a sess\u00e3o itinerante <\/p>\n","protected":false},"excerpt":{"rendered":"<p>O presidente da C\u00e2mara de Sum\u00e9, Le\u00f4nidas Albino (Bomba), esteve visitando o Assentamento Mandacaru que tem a frente o Presidente Maraca. Na oportunidade conversou tamb\u00e9m&hellip; <\/p>\n","protected":false},"author":2,"featured_media":94261,"comment_status":"closed","ping_status":"closed","sticky":false,"template":"","format":"standard","meta":{"sfsi_plus_gutenberg_text_before_share":"","sfsi_plus_gutenberg_show_text_before_share":"","sfsi_plus_gutenberg_icon_type":"","sfsi_plus_gutenberg_icon_alignemt":"","sfsi_plus_gutenburg_max_per_row":"","footnotes":""},"categories":[6,50],"tags":[],"class_list":["post-94241","post","type-post","status-publish","format-standard","has-post-thumbnail","hentry","category-cidades","category-destaque"],"_links":{"self":[{"href":"https:\/\/www.caririemacao.com\/1\/wp-json\/wp\/v2\/posts\/94241","targetHints":{"allow":["GET"]}}],"collection":[{"href":"https:\/\/www.caririemacao.com\/1\/wp-json\/wp\/v2\/posts"}],"about":[{"href":"https:\/\/www.caririemacao.com\/1\/wp-json\/wp\/v2\/types\/post"}],"author":[{"embeddable":true,"href":"https:\/\/www.caririemacao.com\/1\/wp-json\/wp\/v2\/users\/2"}],"replies":[{"embeddable":true,"href":"https:\/\/www.caririemacao.com\/1\/wp-json\/wp\/v2\/comments?post=94241"}],"version-history":[{"count":7,"href":"https:\/\/www.caririemacao.com\/1\/wp-json\/wp\/v2\/posts\/94241\/revisions"}],"predecessor-version":[{"id":94316,"href":"https:\/\/www.caririemacao.com\/1\/wp-json\/wp\/v2\/posts\/94241\/revisions\/94316"}],"wp:featuredmedia":[{"embeddable":true,"href":"https:\/\/www.caririemacao.com\/1\/wp-json\/wp\/v2\/media\/94261"}],"wp:attachment":[{"href":"https:\/\/www.caririemacao.com\/1\/wp-json\/wp\/v2\/media?parent=94241"}],"wp:term":[{"taxonomy":"category","embeddable":true,"href":"https:\/\/www.caririemacao.com\/1\/wp-json\/wp\/v2\/categories?post=94241"},{"taxonomy":"post_tag","embeddable":true,"href":"https:\/\/www.caririemacao.com\/1\/wp-json\/wp\/v2\/tags?post=94241"}],"curies":[{"name":"wp","href":"https:\/\/api.w.org\/{rel}","templated":true}]}}