{"id":94250,"date":"2019-05-08T11:35:34","date_gmt":"2019-05-08T14:35:34","guid":{"rendered":"http:\/\/www.caririemacao.com\/1\/?p=94250"},"modified":"2019-05-08T11:35:34","modified_gmt":"2019-05-08T14:35:34","slug":"governo-de-camalau-realizou-programa-saude-da-mulher-rural-no-sitio-madeira","status":"publish","type":"post","link":"https:\/\/www.caririemacao.com\/1\/2019\/05\/08\/governo-de-camalau-realizou-programa-saude-da-mulher-rural-no-sitio-madeira\/","title":{"rendered":"Governo de Camala\u00fa realizou programa sa\u00fade da mulher rural no S\u00edtio Madeira"},"content":{"rendered":"\n<p>O Governo Municipal de Camala\u00fa em parceria com o Senar, realizou nesta ter\u00e7a feira dia 07 de maio, o programa sa\u00fade da mulher rural.<\/p>\n\n\n\n<figure class=\"wp-block-image\"><img decoding=\"async\" data-src=\"http:\/\/www.camalaunoticias.com.br\/wp-content\/uploads\/2019\/05\/59581863_2305786373043804_6414255042047508480_n-169x300.jpg\" alt=\"\" class=\"wp-image-11861 lazyload\" src=\"data:image\/svg+xml;base64,PHN2ZyB3aWR0aD0iMSIgaGVpZ2h0PSIxIiB4bWxucz0iaHR0cDovL3d3dy53My5vcmcvMjAwMC9zdmciPjwvc3ZnPg==\" style=\"--smush-placeholder-width: 169px; --smush-placeholder-aspect-ratio: 169\/300;\" \/><\/figure>\n\n\n\n<p>O programa foi realizado no S\u00edtio Madeira, e foi um esfor\u00e7o conjunto entre as secretarias de Sa\u00fade, Trabalho e A\u00e7\u00e3o Social e Agricultura.<\/p>\n\n\n\n<figure class=\"wp-block-image\"><img decoding=\"async\" data-src=\"http:\/\/www.camalaunoticias.com.br\/wp-content\/uploads\/2019\/05\/60071651_2305786226377152_8099894560286572544_n-300x225.jpg\" alt=\"\" class=\"wp-image-11862 lazyload\" src=\"data:image\/svg+xml;base64,PHN2ZyB3aWR0aD0iMSIgaGVpZ2h0PSIxIiB4bWxucz0iaHR0cDovL3d3dy53My5vcmcvMjAwMC9zdmciPjwvc3ZnPg==\" style=\"--smush-placeholder-width: 300px; --smush-placeholder-aspect-ratio: 300\/225;\" \/><\/figure>\n\n\n\n<p>O evento teve in\u00edcio as 8 horas da manh\u00e3, com a abertura feita pelo vereador Bhira Mariano, que passou a palavra para a coordenadora do Senar a senhora K\u00e9sia. Depois quem falou foi o prefeito Sandro M\u00f4co, que falou da import\u00e2ncia de um evento como esse, na valoriza\u00e7\u00e3o da mulher da zona rural.<\/p>\n\n\n\n<p>Em seguida foi oferecido caf\u00e9 da manh\u00e3 para todas as mulheres.<\/p>\n\n\n\n<p>O evento contou com a participa\u00e7\u00e3o de mais de 80 mulheres da comunidade.<\/p>\n\n\n\n<figure class=\"wp-block-image\"><img decoding=\"async\" data-src=\"http:\/\/www.camalaunoticias.com.br\/wp-content\/uploads\/2019\/05\/59449821_2305786329710475_1630931899859861504_n-169x300.jpg\" alt=\"\" class=\"wp-image-11863 lazyload\" src=\"data:image\/svg+xml;base64,PHN2ZyB3aWR0aD0iMSIgaGVpZ2h0PSIxIiB4bWxucz0iaHR0cDovL3d3dy53My5vcmcvMjAwMC9zdmciPjwvc3ZnPg==\" style=\"--smush-placeholder-width: 169px; --smush-placeholder-aspect-ratio: 169\/300;\" \/><\/figure>\n\n\n\n<p>Foram oferecidos testes r\u00e1pidos, aferi\u00e7\u00e3o de press\u00e3o, vacina cotra gripe, tratamento de beleza e ainda palestra com a equipe do Senar.<\/p>\n","protected":false},"excerpt":{"rendered":"<p>O Governo Municipal de Camala\u00fa em parceria com o Senar, realizou nesta ter\u00e7a feira dia 07 de maio, o programa sa\u00fade da mulher rural. O&hellip; <\/p>\n","protected":false},"author":1,"featured_media":94256,"comment_status":"closed","ping_status":"closed","sticky":false,"template":"","format":"standard","meta":{"sfsi_plus_gutenberg_text_before_share":"","sfsi_plus_gutenberg_show_text_before_share":"","sfsi_plus_gutenberg_icon_type":"","sfsi_plus_gutenberg_icon_alignemt":"","sfsi_plus_gutenburg_max_per_row":"","footnotes":""},"categories":[6],"tags":[],"class_list":["post-94250","post","type-post","status-publish","format-standard","has-post-thumbnail","hentry","category-cidades"],"_links":{"self":[{"href":"https:\/\/www.caririemacao.com\/1\/wp-json\/wp\/v2\/posts\/94250","targetHints":{"allow":["GET"]}}],"collection":[{"href":"https:\/\/www.caririemacao.com\/1\/wp-json\/wp\/v2\/posts"}],"about":[{"href":"https:\/\/www.caririemacao.com\/1\/wp-json\/wp\/v2\/types\/post"}],"author":[{"embeddable":true,"href":"https:\/\/www.caririemacao.com\/1\/wp-json\/wp\/v2\/users\/1"}],"replies":[{"embeddable":true,"href":"https:\/\/www.caririemacao.com\/1\/wp-json\/wp\/v2\/comments?post=94250"}],"version-history":[{"count":1,"href":"https:\/\/www.caririemacao.com\/1\/wp-json\/wp\/v2\/posts\/94250\/revisions"}],"predecessor-version":[{"id":94257,"href":"https:\/\/www.caririemacao.com\/1\/wp-json\/wp\/v2\/posts\/94250\/revisions\/94257"}],"wp:featuredmedia":[{"embeddable":true,"href":"https:\/\/www.caririemacao.com\/1\/wp-json\/wp\/v2\/media\/94256"}],"wp:attachment":[{"href":"https:\/\/www.caririemacao.com\/1\/wp-json\/wp\/v2\/media?parent=94250"}],"wp:term":[{"taxonomy":"category","embeddable":true,"href":"https:\/\/www.caririemacao.com\/1\/wp-json\/wp\/v2\/categories?post=94250"},{"taxonomy":"post_tag","embeddable":true,"href":"https:\/\/www.caririemacao.com\/1\/wp-json\/wp\/v2\/tags?post=94250"}],"curies":[{"name":"wp","href":"https:\/\/api.w.org\/{rel}","templated":true}]}}