{"id":94253,"date":"2019-05-08T11:34:48","date_gmt":"2019-05-08T14:34:48","guid":{"rendered":"http:\/\/www.caririemacao.com\/1\/?p=94253"},"modified":"2019-05-08T11:35:56","modified_gmt":"2019-05-08T14:35:56","slug":"prefeitura-de-sume-abre-processo-seletivo-para-professor-de-historia-2","status":"publish","type":"post","link":"https:\/\/www.caririemacao.com\/1\/2019\/05\/08\/prefeitura-de-sume-abre-processo-seletivo-para-professor-de-historia-2\/","title":{"rendered":"Prefeitura de Sum\u00e9 abre processo seletivo para professor de Hist\u00f3ria"},"content":{"rendered":"\n<p>A Prefeitura de Sum\u00e9 abre nesta quinta-feira (09), at\u00e9 sexta-feira (10), inscri\u00e7\u00f5es do Processo Seletivo para professor de Hist\u00f3ria, do Ensino Fundamental II.<\/p>\n\n\n\n<p>O processo de sele\u00e7\u00e3o ser\u00e1 constitu\u00eddo de etapa \u00fanica (car\u00e1ter eliminat\u00f3rio e classificat\u00f3rio) &#8211;&nbsp;<strong>an\u00e1lise curricular<\/strong>. A vaga \u00e9 para cadastro de reserva.<\/p>\n\n\n\n<p>As inscri\u00e7\u00f5es ser\u00e3o feitas na Secretaria Municipal de Educa\u00e7\u00e3o, das 08h \u00e0s 14h.<\/p>\n\n\n\n<p>No ato da inscri\u00e7\u00e3o, o candidato dever\u00e1 preencher o formul\u00e1rio e entregar o curr\u00edculo acompanhado da documenta\u00e7\u00e3o comprobat\u00f3ria que ser\u00e1 devidamente autenticada pela comiss\u00e3o ou representante da administra\u00e7\u00e3o designado.<\/p>\n\n\n\n<p>O edital com todas as informa\u00e7\u00f5es do Processo Seletivo consta no Boletim Oficial do Munic\u00edpio do dia 09 de maio de 2019.<\/p>\n\n\n\n<p>Confira o Edital:<\/p>\n\n\n\n<p><\/p>\n\n\n\n<div class=\"wp-block-file\"><a href=\"http:\/\/www.caririemacao.com\/1\/wp-content\/uploads\/2019\/05\/EDITAL-DE-LAN\u00c7AMENTO-PSS-07.2019-PROFESSOR-DE-HIST\u00d3RIA.pdf\">EDITAL DE LAN\u00c7AMENTO PSS 07.2019 &#8211; PROFESSOR DE HIST\u00d3RIA<\/a><a href=\"http:\/\/www.caririemacao.com\/1\/wp-content\/uploads\/2019\/05\/EDITAL-DE-LAN\u00c7AMENTO-PSS-07.2019-PROFESSOR-DE-HIST\u00d3RIA.pdf\" class=\"wp-block-file__button\" download>Baixar<\/a><\/div>\n","protected":false},"excerpt":{"rendered":"<p>A Prefeitura de Sum\u00e9 abre nesta quinta-feira (09), at\u00e9 sexta-feira (10), inscri\u00e7\u00f5es do Processo Seletivo para professor de Hist\u00f3ria, do Ensino Fundamental II. O processo&hellip; <\/p>\n","protected":false},"author":1,"featured_media":88388,"comment_status":"closed","ping_status":"closed","sticky":false,"template":"","format":"standard","meta":{"sfsi_plus_gutenberg_text_before_share":"","sfsi_plus_gutenberg_show_text_before_share":"","sfsi_plus_gutenberg_icon_type":"","sfsi_plus_gutenberg_icon_alignemt":"","sfsi_plus_gutenburg_max_per_row":"","footnotes":""},"categories":[6],"tags":[],"class_list":["post-94253","post","type-post","status-publish","format-standard","has-post-thumbnail","hentry","category-cidades"],"_links":{"self":[{"href":"https:\/\/www.caririemacao.com\/1\/wp-json\/wp\/v2\/posts\/94253","targetHints":{"allow":["GET"]}}],"collection":[{"href":"https:\/\/www.caririemacao.com\/1\/wp-json\/wp\/v2\/posts"}],"about":[{"href":"https:\/\/www.caririemacao.com\/1\/wp-json\/wp\/v2\/types\/post"}],"author":[{"embeddable":true,"href":"https:\/\/www.caririemacao.com\/1\/wp-json\/wp\/v2\/users\/1"}],"replies":[{"embeddable":true,"href":"https:\/\/www.caririemacao.com\/1\/wp-json\/wp\/v2\/comments?post=94253"}],"version-history":[{"count":1,"href":"https:\/\/www.caririemacao.com\/1\/wp-json\/wp\/v2\/posts\/94253\/revisions"}],"predecessor-version":[{"id":94255,"href":"https:\/\/www.caririemacao.com\/1\/wp-json\/wp\/v2\/posts\/94253\/revisions\/94255"}],"wp:featuredmedia":[{"embeddable":true,"href":"https:\/\/www.caririemacao.com\/1\/wp-json\/wp\/v2\/media\/88388"}],"wp:attachment":[{"href":"https:\/\/www.caririemacao.com\/1\/wp-json\/wp\/v2\/media?parent=94253"}],"wp:term":[{"taxonomy":"category","embeddable":true,"href":"https:\/\/www.caririemacao.com\/1\/wp-json\/wp\/v2\/categories?post=94253"},{"taxonomy":"post_tag","embeddable":true,"href":"https:\/\/www.caririemacao.com\/1\/wp-json\/wp\/v2\/tags?post=94253"}],"curies":[{"name":"wp","href":"https:\/\/api.w.org\/{rel}","templated":true}]}}