{"id":94266,"date":"2019-05-08T11:39:31","date_gmt":"2019-05-08T14:39:31","guid":{"rendered":"http:\/\/www.caririemacao.com\/1\/?p=94266"},"modified":"2019-05-08T11:39:31","modified_gmt":"2019-05-08T14:39:31","slug":"prefeitura-de-ss-do-umbuzeiro-realiza-festa-para-as-maes-com-bingo-brindes-e-muitas-supresas","status":"publish","type":"post","link":"https:\/\/www.caririemacao.com\/1\/2019\/05\/08\/prefeitura-de-ss-do-umbuzeiro-realiza-festa-para-as-maes-com-bingo-brindes-e-muitas-supresas\/","title":{"rendered":"Prefeitura de SS do Umbuzeiro realiza festa para as m\u00e3es com bingo, brindes e muitas supresas"},"content":{"rendered":"\n<p>Uma tradi\u00e7\u00e3o que o prefeito Adriano Wolff mant\u00e9m desde o seu 1\u00ba ano de mandato ser\u00e1 mais uma vez realizada no munic\u00edpio para a alegria da popula\u00e7\u00e3o.<br>A tradicional Festa das M\u00e3es ser\u00e1 realizada no pr\u00f3ximo s\u00e1bado (11) na Pra\u00e7a de Eventos com uma grande comemora\u00e7\u00e3o.<br>Haver\u00e1 bingo com v\u00e1rios pr\u00eamios, distribui\u00e7\u00e3o de brindes para todas as m\u00e3es do munic\u00edpio, apresenta\u00e7\u00f5es culturais e como grande presente da administra\u00e7\u00e3o municipal um super show com Claudenir Fernandes.<br>\u201cOs brindes s\u00e3o um presente tanto da prefeitura, da gest\u00e3o municipal, dos secret\u00e1rios, vereadores, e amigos que fazem quest\u00e3o de colaborar com a realiza\u00e7\u00e3o da grande festa que as m\u00e3es de SS do Umbuzeiro merecem\u201d, disse o prefeito Adriano Wolff.<br>A comemora\u00e7\u00e3o come\u00e7a \u00e0s 17 horas na Pra\u00e7a de Eventos e tem a realiza\u00e7\u00e3o da prefeitura municipal atrav\u00e9s das secretarias de Desenvolvimento Social e Educa\u00e7\u00e3o, CRAS, demais secret\u00e1rias e o apoio da C\u00e2mara Municipal.<strong>F\u00c1BIO BRITO<\/strong><\/p>\n","protected":false},"excerpt":{"rendered":"<p>Uma tradi\u00e7\u00e3o que o prefeito Adriano Wolff mant\u00e9m desde o seu 1\u00ba ano de mandato ser\u00e1 mais uma vez realizada no munic\u00edpio para a alegria&hellip; <\/p>\n","protected":false},"author":1,"featured_media":94267,"comment_status":"closed","ping_status":"closed","sticky":false,"template":"","format":"standard","meta":{"sfsi_plus_gutenberg_text_before_share":"","sfsi_plus_gutenberg_show_text_before_share":"","sfsi_plus_gutenberg_icon_type":"","sfsi_plus_gutenberg_icon_alignemt":"","sfsi_plus_gutenburg_max_per_row":"","footnotes":""},"categories":[6],"tags":[],"class_list":["post-94266","post","type-post","status-publish","format-standard","has-post-thumbnail","hentry","category-cidades"],"_links":{"self":[{"href":"https:\/\/www.caririemacao.com\/1\/wp-json\/wp\/v2\/posts\/94266","targetHints":{"allow":["GET"]}}],"collection":[{"href":"https:\/\/www.caririemacao.com\/1\/wp-json\/wp\/v2\/posts"}],"about":[{"href":"https:\/\/www.caririemacao.com\/1\/wp-json\/wp\/v2\/types\/post"}],"author":[{"embeddable":true,"href":"https:\/\/www.caririemacao.com\/1\/wp-json\/wp\/v2\/users\/1"}],"replies":[{"embeddable":true,"href":"https:\/\/www.caririemacao.com\/1\/wp-json\/wp\/v2\/comments?post=94266"}],"version-history":[{"count":1,"href":"https:\/\/www.caririemacao.com\/1\/wp-json\/wp\/v2\/posts\/94266\/revisions"}],"predecessor-version":[{"id":94269,"href":"https:\/\/www.caririemacao.com\/1\/wp-json\/wp\/v2\/posts\/94266\/revisions\/94269"}],"wp:featuredmedia":[{"embeddable":true,"href":"https:\/\/www.caririemacao.com\/1\/wp-json\/wp\/v2\/media\/94267"}],"wp:attachment":[{"href":"https:\/\/www.caririemacao.com\/1\/wp-json\/wp\/v2\/media?parent=94266"}],"wp:term":[{"taxonomy":"category","embeddable":true,"href":"https:\/\/www.caririemacao.com\/1\/wp-json\/wp\/v2\/categories?post=94266"},{"taxonomy":"post_tag","embeddable":true,"href":"https:\/\/www.caririemacao.com\/1\/wp-json\/wp\/v2\/tags?post=94266"}],"curies":[{"name":"wp","href":"https:\/\/api.w.org\/{rel}","templated":true}]}}