{"id":94278,"date":"2019-05-08T11:43:33","date_gmt":"2019-05-08T14:43:33","guid":{"rendered":"http:\/\/www.caririemacao.com\/1\/?p=94278"},"modified":"2019-05-08T11:43:33","modified_gmt":"2019-05-08T14:43:33","slug":"evento-no-cariri-discute-importancia-do-umbu-na-agricultura-familiar-do-semiarido-paraibano","status":"publish","type":"post","link":"https:\/\/www.caririemacao.com\/1\/2019\/05\/08\/evento-no-cariri-discute-importancia-do-umbu-na-agricultura-familiar-do-semiarido-paraibano\/","title":{"rendered":"Evento no Cariri discute import\u00e2ncia do umbu na agricultura familiar do Semi\u00e1rido paraibano"},"content":{"rendered":"\n<p>A cultura do umbu tem se constitu\u00eddo como nova alternativa de renda para fam\u00edlias agricultoras do Semi\u00e1rido paraibano. Para chamar a aten\u00e7\u00e3o da popula\u00e7\u00e3o quanto a import\u00e2ncia da recupera\u00e7\u00e3o e preserva\u00e7\u00e3o do plantio existente, a Escola Agrot\u00e9cnica Deputado Evaldo Gon\u00e7alves, localizada no munic\u00edpio de Sum\u00e9, em parceria com a Empresa Paraibana de Pesquisa, Extens\u00e3o Rural e Regulariza\u00e7\u00e3o Fundi\u00e1ria (Empaer) e outros parceiros, realizou o IX Festival do Umbu, com uma programa\u00e7\u00e3o diversificada que durou quatro dias.<\/p>\n\n\n\n<p>No encerramento do evento, na sexta-feira (6), o extensionista Carlos da Silva, da Ger\u00eancia Operacional Local na cidade do Congo, enfatizou a import\u00e2ncia da cultura do umbu na regi\u00e3o semi\u00e1rida do Nordeste, ressaltou tamb\u00e9m as a\u00e7\u00f5es da Empaer voltadas para a agricultura familiar com \u00eanfase na transi\u00e7\u00e3o agroecol\u00f3gica e estrat\u00e9gia de conviv\u00eancia.<\/p>\n\n\n\n<div class=\"wp-block-image\"><figure class=\"alignleft\"><img decoding=\"async\" data-src=\"https:\/\/i0.wp.com\/www.vitrinedocariri.com.br\/wp-content\/uploads\/2019\/05\/feira-umbu-sume2-07-05-300x225.jpg\" alt=\"\" class=\"wp-image-42873 lazyload\" src=\"data:image\/svg+xml;base64,PHN2ZyB3aWR0aD0iMSIgaGVpZ2h0PSIxIiB4bWxucz0iaHR0cDovL3d3dy53My5vcmcvMjAwMC9zdmciPjwvc3ZnPg==\" style=\"--smush-placeholder-width: 300px; --smush-placeholder-aspect-ratio: 300\/225;\" \/><\/figure><\/div>\n\n\n\n<p>O evento come\u00e7ou nas depend\u00eancias da Escola Agrot\u00e9cnica com palestras e demonstra\u00e7\u00e3o de como obter produtos processados do umbu. Teve continuidade no dia seguinte na \u00e1rea livre de uma escola rural no distrito Pio X, com o&nbsp;transplantio do umbuzeiro. Como parte da programa\u00e7\u00e3o, nos dias seguintes houve apresenta\u00e7\u00f5es culturais. Tamb\u00e9m foram realizadas festividades na pra\u00e7a p\u00fablica Jos\u00e9 Am\u00e9rico. O evento foi encerrado com degusta\u00e7\u00e3o de produtos do umbu, no mercado p\u00fablico da cidade.<\/p>\n\n\n\n<p>O Governo do Estado, por meio da Empaer, empresa vinculada \u00e0 Secretaria do Desenvolvimento Agropecu\u00e1rio e da Pesca (Sedap) desenvolveu pesquisa sobre o melhoramento do umbuzeiro e tamb\u00e9m da cajazeira, em um trabalho de parceria com a ind\u00fastria de polpa de frutas Ideal. A Empaer disp\u00f5e de uma atividade de esta\u00e7\u00f5es experimentais com viveiros para produ\u00e7\u00e3o de mudas.<\/p>\n\n\n\n<div class=\"wp-block-image\"><figure class=\"alignleft\"><img decoding=\"async\" data-src=\"https:\/\/i0.wp.com\/www.vitrinedocariri.com.br\/wp-content\/uploads\/2019\/05\/Planta-Umbuzeiro1-07-05-2019-300x169.jpg\" alt=\"\" class=\"wp-image-42874 lazyload\" src=\"data:image\/svg+xml;base64,PHN2ZyB3aWR0aD0iMSIgaGVpZ2h0PSIxIiB4bWxucz0iaHR0cDovL3d3dy53My5vcmcvMjAwMC9zdmciPjwvc3ZnPg==\" style=\"--smush-placeholder-width: 300px; --smush-placeholder-aspect-ratio: 300\/169;\" \/><\/figure><\/div>\n\n\n\n<p>A fruticultura \u00e9 de extrema import\u00e2ncia para gera\u00e7\u00e3o de renda, sendo o umbu importante na regi\u00e3o de semi\u00e1rido mesmo em fase das restri\u00e7\u00f5es h\u00eddricas e de solo, se revestindo de elevada import\u00e2ncia econ\u00f4mica e social em&nbsp;diversas \u00e1reas.<\/p>\n\n\n\n<p>O presidente da Empaer, Nivaldo Magalh\u00e3es, lembrou que na regi\u00e3o semi\u00e1rida essa atividade vem potencializando o surgimento de empreendimentos capazes de criar bases econ\u00f4micas para a agricultura familiar, j\u00e1 permitindo o surgimento de empreendimentos capazes de criar base econ\u00f4mica para a agricultura familiar.<\/p>\n","protected":false},"excerpt":{"rendered":"<p>A cultura do umbu tem se constitu\u00eddo como nova alternativa de renda para fam\u00edlias agricultoras do Semi\u00e1rido paraibano. Para chamar a aten\u00e7\u00e3o da popula\u00e7\u00e3o quanto&hellip; <\/p>\n","protected":false},"author":1,"featured_media":94279,"comment_status":"closed","ping_status":"closed","sticky":false,"template":"","format":"standard","meta":{"sfsi_plus_gutenberg_text_before_share":"","sfsi_plus_gutenberg_show_text_before_share":"","sfsi_plus_gutenberg_icon_type":"","sfsi_plus_gutenberg_icon_alignemt":"","sfsi_plus_gutenburg_max_per_row":"","footnotes":""},"categories":[2],"tags":[],"class_list":["post-94278","post","type-post","status-publish","format-standard","has-post-thumbnail","hentry","category-geral"],"_links":{"self":[{"href":"https:\/\/www.caririemacao.com\/1\/wp-json\/wp\/v2\/posts\/94278","targetHints":{"allow":["GET"]}}],"collection":[{"href":"https:\/\/www.caririemacao.com\/1\/wp-json\/wp\/v2\/posts"}],"about":[{"href":"https:\/\/www.caririemacao.com\/1\/wp-json\/wp\/v2\/types\/post"}],"author":[{"embeddable":true,"href":"https:\/\/www.caririemacao.com\/1\/wp-json\/wp\/v2\/users\/1"}],"replies":[{"embeddable":true,"href":"https:\/\/www.caririemacao.com\/1\/wp-json\/wp\/v2\/comments?post=94278"}],"version-history":[{"count":1,"href":"https:\/\/www.caririemacao.com\/1\/wp-json\/wp\/v2\/posts\/94278\/revisions"}],"predecessor-version":[{"id":94280,"href":"https:\/\/www.caririemacao.com\/1\/wp-json\/wp\/v2\/posts\/94278\/revisions\/94280"}],"wp:featuredmedia":[{"embeddable":true,"href":"https:\/\/www.caririemacao.com\/1\/wp-json\/wp\/v2\/media\/94279"}],"wp:attachment":[{"href":"https:\/\/www.caririemacao.com\/1\/wp-json\/wp\/v2\/media?parent=94278"}],"wp:term":[{"taxonomy":"category","embeddable":true,"href":"https:\/\/www.caririemacao.com\/1\/wp-json\/wp\/v2\/categories?post=94278"},{"taxonomy":"post_tag","embeddable":true,"href":"https:\/\/www.caririemacao.com\/1\/wp-json\/wp\/v2\/tags?post=94278"}],"curies":[{"name":"wp","href":"https:\/\/api.w.org\/{rel}","templated":true}]}}