{"id":94285,"date":"2019-05-08T11:52:50","date_gmt":"2019-05-08T14:52:50","guid":{"rendered":"http:\/\/www.caririemacao.com\/1\/?p=94285"},"modified":"2019-05-08T11:52:50","modified_gmt":"2019-05-08T14:52:50","slug":"criminosos-realizam-arrastao-em-posto-de-saude-e-levam-moto-de-funcionaria-na-zona-rural-de-cabaceiras","status":"publish","type":"post","link":"https:\/\/www.caririemacao.com\/1\/2019\/05\/08\/criminosos-realizam-arrastao-em-posto-de-saude-e-levam-moto-de-funcionaria-na-zona-rural-de-cabaceiras\/","title":{"rendered":"Criminosos realizam arrast\u00e3o em posto de sa\u00fade e levam moto de funcion\u00e1ria na zona rural de Cabaceiras"},"content":{"rendered":"\n<p>&nbsp;No in\u00edcio da tarde desta ter\u00e7a-feira(07) criminosos fizeram um arrast\u00e3o, provocando terror na unidade de sa\u00fade (PSF) na comunidade do Assentamento Serra do Monte, zona rural de Cabaceiras, cariri paraibano.<\/p>\n\n\n\n<p>De acordo com informa\u00e7\u00f5es, os meliantes chegaram na unidade de sa\u00fade j\u00e1 anunciando o assalto e de pronto, levaram um celular do motorista que transporta a equipe de profissionais da sa\u00fade. Os meliantes ainda levaram a moto, uma Honda Titan 160 vermelha 2016 Placa: OFA 2362 de campina grande, da funcion\u00e1ria Emanuela Rodrigues, que reside no s\u00edtio Lucas, zona rural de S\u00e3o Jo\u00e3o do Cariri.<\/p>\n\n\n\n<p>Logo em seguida, os assaltantes fugiram em sentido ignorado. A pol\u00edcia local j\u00e1 est\u00e1 em dilig\u00eancia na tentativa de capturar os assaltantes.<\/p>\n\n\n\n<p><strong>De Olho no Cariri<\/strong><\/p>\n","protected":false},"excerpt":{"rendered":"<p>&nbsp;No in\u00edcio da tarde desta ter\u00e7a-feira(07) criminosos fizeram um arrast\u00e3o, provocando terror na unidade de sa\u00fade (PSF) na comunidade do Assentamento Serra do Monte, zona&hellip; <\/p>\n","protected":false},"author":1,"featured_media":50215,"comment_status":"closed","ping_status":"closed","sticky":false,"template":"","format":"standard","meta":{"sfsi_plus_gutenberg_text_before_share":"","sfsi_plus_gutenberg_show_text_before_share":"","sfsi_plus_gutenberg_icon_type":"","sfsi_plus_gutenberg_icon_alignemt":"","sfsi_plus_gutenburg_max_per_row":"","footnotes":""},"categories":[12],"tags":[],"class_list":["post-94285","post","type-post","status-publish","format-standard","has-post-thumbnail","hentry","category-policia"],"_links":{"self":[{"href":"https:\/\/www.caririemacao.com\/1\/wp-json\/wp\/v2\/posts\/94285","targetHints":{"allow":["GET"]}}],"collection":[{"href":"https:\/\/www.caririemacao.com\/1\/wp-json\/wp\/v2\/posts"}],"about":[{"href":"https:\/\/www.caririemacao.com\/1\/wp-json\/wp\/v2\/types\/post"}],"author":[{"embeddable":true,"href":"https:\/\/www.caririemacao.com\/1\/wp-json\/wp\/v2\/users\/1"}],"replies":[{"embeddable":true,"href":"https:\/\/www.caririemacao.com\/1\/wp-json\/wp\/v2\/comments?post=94285"}],"version-history":[{"count":1,"href":"https:\/\/www.caririemacao.com\/1\/wp-json\/wp\/v2\/posts\/94285\/revisions"}],"predecessor-version":[{"id":94286,"href":"https:\/\/www.caririemacao.com\/1\/wp-json\/wp\/v2\/posts\/94285\/revisions\/94286"}],"wp:featuredmedia":[{"embeddable":true,"href":"https:\/\/www.caririemacao.com\/1\/wp-json\/wp\/v2\/media\/50215"}],"wp:attachment":[{"href":"https:\/\/www.caririemacao.com\/1\/wp-json\/wp\/v2\/media?parent=94285"}],"wp:term":[{"taxonomy":"category","embeddable":true,"href":"https:\/\/www.caririemacao.com\/1\/wp-json\/wp\/v2\/categories?post=94285"},{"taxonomy":"post_tag","embeddable":true,"href":"https:\/\/www.caririemacao.com\/1\/wp-json\/wp\/v2\/tags?post=94285"}],"curies":[{"name":"wp","href":"https:\/\/api.w.org\/{rel}","templated":true}]}}