{"id":94298,"date":"2019-05-08T18:43:00","date_gmt":"2019-05-08T21:43:00","guid":{"rendered":"http:\/\/www.caririemacao.com\/1\/?p=94298"},"modified":"2019-05-08T18:43:00","modified_gmt":"2019-05-08T21:43:00","slug":"prefeituras-e-camaras-de-quatro-cidades-do-cariri-sao-denunciados-por-contratarem-escritorios-de-advocacias-sem-licitacao","status":"publish","type":"post","link":"https:\/\/www.caririemacao.com\/1\/2019\/05\/08\/prefeituras-e-camaras-de-quatro-cidades-do-cariri-sao-denunciados-por-contratarem-escritorios-de-advocacias-sem-licitacao\/","title":{"rendered":"Prefeituras e C\u00e2maras de quatro cidades do Cariri s\u00e3o denunciados por contratarem Escrit\u00f3rios de Advocacias sem licita\u00e7\u00e3o"},"content":{"rendered":"\n<p>A contrata\u00e7\u00f5es de advogados por Inexigibilidade de Licita\u00e7\u00e3o por parte dos Munic\u00edpios \u00e9 questionado pelo Tribunal de Contas do Estado da Para\u00edba, e j\u00e1 rendeu inclusive desaprova\u00e7\u00e3o de contas de algumas cidades paraibanas.<\/p>\n\n\n\n<p>Mesmo com a orienta\u00e7\u00e3o do TCE aos Gestores n\u00e3o proceder tais contratos de Escrit\u00f3rios de advocacias sem realiza\u00e7\u00e3o de licita\u00e7\u00f5es, muitos munic\u00edpios permanecem na pr\u00e1tica ignorado nos \u00f3rg\u00e3os fiscalizadores.<\/p>\n\n\n\n<p>No entanto as cidades ligadas a regi\u00e3o do Cariri paraibano, as cidades de&nbsp;<strong>Boqueir\u00e3o, Alcantil, Barra de Santana, e Riach\u00e3o de Santo Ant\u00f4nio<\/strong>&nbsp;est\u00e3o na mira do Minist\u00e9rio P\u00fablico da Para\u00edba para investigar poss\u00edveis irregularidades nas contrata\u00e7\u00f5es de escrit\u00f3rios de advocacias e contabilidade por inexibilidade de licita\u00e7\u00e3o fora das hip\u00f3teses legais.<\/p>\n\n\n\n<p>O Minist\u00e9rio P\u00fablico j\u00e1 expediu Portaria n\u00ba 004\/2018, que gerou Inqu\u00e9rito Civil de n\u00ba 025.2019.000531. Os prefeitos, e presidentes de C\u00e2maras dos Munic\u00edpios de Boqueir\u00e3o, Alcantil, Barra de Santana e Riach\u00e3o de Santo Ant\u00f4nio dever\u00e3o responder por Ato de Improbidade Administrativa.<\/p>\n\n\n\n<p><em>Com Rep\u00f3rter PB<\/em><\/p>\n","protected":false},"excerpt":{"rendered":"<p>A contrata\u00e7\u00f5es de advogados por Inexigibilidade de Licita\u00e7\u00e3o por parte dos Munic\u00edpios \u00e9 questionado pelo Tribunal de Contas do Estado da Para\u00edba, e j\u00e1 rendeu&hellip; <\/p>\n","protected":false},"author":1,"featured_media":91702,"comment_status":"closed","ping_status":"closed","sticky":false,"template":"","format":"standard","meta":{"sfsi_plus_gutenberg_text_before_share":"","sfsi_plus_gutenberg_show_text_before_share":"","sfsi_plus_gutenberg_icon_type":"","sfsi_plus_gutenberg_icon_alignemt":"","sfsi_plus_gutenburg_max_per_row":"","footnotes":""},"categories":[11],"tags":[],"class_list":["post-94298","post","type-post","status-publish","format-standard","has-post-thumbnail","hentry","category-politica"],"_links":{"self":[{"href":"https:\/\/www.caririemacao.com\/1\/wp-json\/wp\/v2\/posts\/94298","targetHints":{"allow":["GET"]}}],"collection":[{"href":"https:\/\/www.caririemacao.com\/1\/wp-json\/wp\/v2\/posts"}],"about":[{"href":"https:\/\/www.caririemacao.com\/1\/wp-json\/wp\/v2\/types\/post"}],"author":[{"embeddable":true,"href":"https:\/\/www.caririemacao.com\/1\/wp-json\/wp\/v2\/users\/1"}],"replies":[{"embeddable":true,"href":"https:\/\/www.caririemacao.com\/1\/wp-json\/wp\/v2\/comments?post=94298"}],"version-history":[{"count":1,"href":"https:\/\/www.caririemacao.com\/1\/wp-json\/wp\/v2\/posts\/94298\/revisions"}],"predecessor-version":[{"id":94299,"href":"https:\/\/www.caririemacao.com\/1\/wp-json\/wp\/v2\/posts\/94298\/revisions\/94299"}],"wp:featuredmedia":[{"embeddable":true,"href":"https:\/\/www.caririemacao.com\/1\/wp-json\/wp\/v2\/media\/91702"}],"wp:attachment":[{"href":"https:\/\/www.caririemacao.com\/1\/wp-json\/wp\/v2\/media?parent=94298"}],"wp:term":[{"taxonomy":"category","embeddable":true,"href":"https:\/\/www.caririemacao.com\/1\/wp-json\/wp\/v2\/categories?post=94298"},{"taxonomy":"post_tag","embeddable":true,"href":"https:\/\/www.caririemacao.com\/1\/wp-json\/wp\/v2\/tags?post=94298"}],"curies":[{"name":"wp","href":"https:\/\/api.w.org\/{rel}","templated":true}]}}