{"id":94309,"date":"2019-05-08T19:13:26","date_gmt":"2019-05-08T22:13:26","guid":{"rendered":"http:\/\/www.caririemacao.com\/1\/?p=94309"},"modified":"2019-05-08T19:13:26","modified_gmt":"2019-05-08T22:13:26","slug":"meia-do-botafogo-pb-ve-duelo-com-nautico-como-final-antecipada","status":"publish","type":"post","link":"https:\/\/www.caririemacao.com\/1\/2019\/05\/08\/meia-do-botafogo-pb-ve-duelo-com-nautico-como-final-antecipada\/","title":{"rendered":"Meia do Botafogo-PB v\u00ea duelo com N\u00e1utico como \u201cfinal antecipada\u201d"},"content":{"rendered":"\n<p><br>Mesmo com o treinamento fechado na ter\u00e7a-feira (08), a tend\u00eancia no Botafogo-PB para a partida diante do N\u00e1utico-PE, pela semifinal da Copa do Nordeste, \u00e9 que o meia Marcos Aur\u00e9lio, recuperado de les\u00e3o, volte ao time titular depois de desfalcar a equipe em dois jogos, contra Ferrovi\u00e1rio-CE e Sampaio Corr\u00eaa-MA.<\/p>\n\n\n\n<p>O retorno do camisa 10 \u00e9 visto de forma muito positiva para Clayton, seu companheiro de meio-campo, que destacou a experi\u00eancia e o poder de decis\u00e3o do capit\u00e3o botafoguense.<\/p>\n\n\n\n<figure class=\"wp-block-image\"><img decoding=\"async\" data-src=\"https:\/\/paraibaonline.com.br\/wp-content\/uploads\/2019\/05\/Clayton-treino.jpg\" alt=\"Foto: Ascom \/ Botafogo-PB\" class=\"wp-image-735506 lazyload\" src=\"data:image\/svg+xml;base64,PHN2ZyB3aWR0aD0iMSIgaGVpZ2h0PSIxIiB4bWxucz0iaHR0cDovL3d3dy53My5vcmcvMjAwMC9zdmciPjwvc3ZnPg==\" \/><\/figure>\n\n\n\n<p>Foto: Ascom \/ Botafogo-PB<\/p>\n\n\n\n<p>\u2013 Com certeza ele \u00e9 um jogador que dispensa coment\u00e1rios. A qualidade dele e a lideran\u00e7a dele dentro de campo s\u00e3o fundamentais para a nossa equipe. Ent\u00e3o, acho que ele volta para nos ajudar na partida, como fez durante toda a temporada, ent\u00e3o espero que ele volte muito bem para nos ajudar mais uma vez \u2013 afirmou.<\/p>\n\n\n\n<p>Ainda invicto na competi\u00e7\u00e3o, com seis vit\u00f3rias e tr\u00eas empates em nove jogos, Clayton espera jogo dif\u00edcil contra o Timbu, mas quer coroar a boa campanha com uma vaga na decis\u00e3o, que seria in\u00e9dita e hist\u00f3rica para o time da Maravilha do Contorno, que j\u00e1 faz sua melhor campanha no Nordest\u00e3o.<\/p>\n\n\n\n<p>\u2013 \u00c9 um momento muito importante para todos n\u00f3s, sabemos o quanto lutamos para chegar nesta semifinal e n\u00f3s almejamos coisas ainda maiores. Sabemos da dificuldade do jogo, da qualidade do elenco do N\u00e1utico, ent\u00e3o sabemos que ser\u00e1 uma partida muito dif\u00edcil, por\u00e9m temos consci\u00eancia tamb\u00e9m que temos um time muito bom, fazendo uma \u00f3tima temporada, ent\u00e3o acredito que temos tudo para fazer um grande jogo e conseguir a vit\u00f3ria \u2013 disse.<\/p>\n\n\n\n<p>Depois de eliminarem CSA-AL e Cear\u00e1, respectivamente, duas equipes que disputam a S\u00e9rie A do Campeonato Brasileiro, Belo e N\u00e1utico fazem um confronto que atrai holofotes para as semifinais da Copa do Nordeste. Na outra perna, Fortaleza e Santa Cruz tamb\u00e9m disputam uma vaga na final, com vantagem te\u00f3rica para o tricolor cearense, que tamb\u00e9m disputa a primeira divis\u00e3o nacional, e joga na sua casa, o est\u00e1dio Castel\u00e3o.<\/p>\n\n\n\n<p>Clayton sabe do grau de dificuldade do jogo, e acredita que, apesar da qualidade das duas equipes, o Botafogo-PB tem uma ligeira vantagem por jogar em Jo\u00e3o Pessoa, onde s\u00f3 perdeu uma vez e empatou duas partidas na temporada.<\/p>\n\n\n\n<p>\u2013 \u00c9 uma final antecipada. Desde a primeira fase e tamb\u00e9m no primeiro mata-mata contra o CSA provamos que somos fortes aqui dentro (do Almeid\u00e3o) e conseguimos fazer um grande jogo, saindo com a vit\u00f3ria. Como falei, a equipe do N\u00e1utico \u00e9 muito qualificada e temos que entrar muito atentos para conseguir essa vit\u00f3ria de qualquer jeito \u2013 finalizou.<\/p>\n\n\n\n<p>A bola rola na quinta-feira (09) para Botafogo-PB x N\u00e1utico \u00e0s 19h15.<\/p>\n","protected":false},"excerpt":{"rendered":"<p>Mesmo com o treinamento fechado na ter\u00e7a-feira (08), a tend\u00eancia no Botafogo-PB para a partida diante do N\u00e1utico-PE, pela semifinal da Copa do Nordeste, \u00e9&hellip; <\/p>\n","protected":false},"author":1,"featured_media":94310,"comment_status":"closed","ping_status":"closed","sticky":false,"template":"","format":"standard","meta":{"sfsi_plus_gutenberg_text_before_share":"","sfsi_plus_gutenberg_show_text_before_share":"","sfsi_plus_gutenberg_icon_type":"","sfsi_plus_gutenberg_icon_alignemt":"","sfsi_plus_gutenburg_max_per_row":"","footnotes":""},"categories":[13],"tags":[],"class_list":["post-94309","post","type-post","status-publish","format-standard","has-post-thumbnail","hentry","category-esportes"],"_links":{"self":[{"href":"https:\/\/www.caririemacao.com\/1\/wp-json\/wp\/v2\/posts\/94309","targetHints":{"allow":["GET"]}}],"collection":[{"href":"https:\/\/www.caririemacao.com\/1\/wp-json\/wp\/v2\/posts"}],"about":[{"href":"https:\/\/www.caririemacao.com\/1\/wp-json\/wp\/v2\/types\/post"}],"author":[{"embeddable":true,"href":"https:\/\/www.caririemacao.com\/1\/wp-json\/wp\/v2\/users\/1"}],"replies":[{"embeddable":true,"href":"https:\/\/www.caririemacao.com\/1\/wp-json\/wp\/v2\/comments?post=94309"}],"version-history":[{"count":1,"href":"https:\/\/www.caririemacao.com\/1\/wp-json\/wp\/v2\/posts\/94309\/revisions"}],"predecessor-version":[{"id":94311,"href":"https:\/\/www.caririemacao.com\/1\/wp-json\/wp\/v2\/posts\/94309\/revisions\/94311"}],"wp:featuredmedia":[{"embeddable":true,"href":"https:\/\/www.caririemacao.com\/1\/wp-json\/wp\/v2\/media\/94310"}],"wp:attachment":[{"href":"https:\/\/www.caririemacao.com\/1\/wp-json\/wp\/v2\/media?parent=94309"}],"wp:term":[{"taxonomy":"category","embeddable":true,"href":"https:\/\/www.caririemacao.com\/1\/wp-json\/wp\/v2\/categories?post=94309"},{"taxonomy":"post_tag","embeddable":true,"href":"https:\/\/www.caririemacao.com\/1\/wp-json\/wp\/v2\/tags?post=94309"}],"curies":[{"name":"wp","href":"https:\/\/api.w.org\/{rel}","templated":true}]}}