{"id":94314,"date":"2019-05-08T19:18:25","date_gmt":"2019-05-08T22:18:25","guid":{"rendered":"http:\/\/www.caririemacao.com\/1\/?p=94314"},"modified":"2019-05-08T19:18:25","modified_gmt":"2019-05-08T22:18:25","slug":"estudantes-convocam-protesto-contra-cortes-nas-universidades","status":"publish","type":"post","link":"https:\/\/www.caririemacao.com\/1\/2019\/05\/08\/estudantes-convocam-protesto-contra-cortes-nas-universidades\/","title":{"rendered":"Estudantes convocam protesto contra cortes nas universidades"},"content":{"rendered":"\n<p>A comunidade acad\u00eamica promove no pr\u00f3ximo dia (15) uma mobiliza\u00e7\u00e3o para reivindicar o cancelamento do corte de 30% nas verbas das institui\u00e7\u00f5es de ensino federal de todo o pa\u00eds. O protesto \u2018contra o congelamento de verbas das UF\u2019s da Para\u00edba\u2019 acontece no Parque Solon de Lucena, no Centro de Jo\u00e3o Pessoa.<\/p>\n\n\n\n<p>A decis\u00e3o do ministro da Educa\u00e7\u00e3o Abraham Weintraub, envolveria inicialmente tr\u00eas universidades: Universidade de Bras\u00edlia (UNB), Universidade Federal Fluminense (UFF) e a Universidade Federal da Bahia (UFBA). Mas, ap\u00f3s duras cr\u00edticas, o Minist\u00e9rio da Educa\u00e7\u00e3o estendeu a decis\u00e3o para todas as institui\u00e7\u00f5es de ensino federal do Brasil. Incluindo a Universidade Federal da Para\u00edba (UFPB), que sofrer\u00e1 com um bloqueio superior a R$ 50 milh\u00f5es e Universidade Federal de Campina Grande (UFCG).<\/p>\n\n\n\n<p>Nesta ter\u00e7a-feira (7), Weintraub, afirmou que n\u00e3o houve corte mas, um controle de gastos. \u201cN\u00e3o h\u00e1 corte. H\u00e1 um contingenciamento. Se a economia tiver um crescimento com a aprova\u00e7\u00e3o da nova Previd\u00eancia, e eu acredito nisso, isso vai retomar a economia. Retomando a din\u00e2mica, aumenta a arrecada\u00e7\u00e3o e descontingencia\u201d, disse<\/p>\n\n\n\n<p>Ao&nbsp;<strong>Portal MaisPB<\/strong>, a reitora da UFPB Margareth Diniz, afirmou que o corte pode inviabilizar o funcionamento da institui\u00e7\u00e3o \u201cN\u00f3s n\u00e3o vamos ter como fechar as nossas contas. Espero que possa ser revertido. A Com esse corte de 30% vai inviabilizar o funcionamento da universidade at\u00e9 o fim do ano\u201d. Em nota, divulgada nesta ter\u00e7a-feira (7) a UFPB afirmou que a institui\u00e7\u00e3o j\u00e1 funciona com or\u00e7amento inferior. Al\u00e9m disso, a comunidade acad\u00eamica foi convocada a \u2018enfrentar e resistir\u2019 aos \u2018ataques\u2019.<\/p>\n\n\n\n<p><strong>MaisPB<\/strong><\/p>\n","protected":false},"excerpt":{"rendered":"<p>A comunidade acad\u00eamica promove no pr\u00f3ximo dia (15) uma mobiliza\u00e7\u00e3o para reivindicar o cancelamento do corte de 30% nas verbas das institui\u00e7\u00f5es de ensino federal&hellip; <\/p>\n","protected":false},"author":1,"featured_media":69175,"comment_status":"closed","ping_status":"closed","sticky":false,"template":"","format":"standard","meta":{"sfsi_plus_gutenberg_text_before_share":"","sfsi_plus_gutenberg_show_text_before_share":"","sfsi_plus_gutenberg_icon_type":"","sfsi_plus_gutenberg_icon_alignemt":"","sfsi_plus_gutenburg_max_per_row":"","footnotes":""},"categories":[14],"tags":[],"class_list":["post-94314","post","type-post","status-publish","format-standard","has-post-thumbnail","hentry","category-educacao"],"_links":{"self":[{"href":"https:\/\/www.caririemacao.com\/1\/wp-json\/wp\/v2\/posts\/94314","targetHints":{"allow":["GET"]}}],"collection":[{"href":"https:\/\/www.caririemacao.com\/1\/wp-json\/wp\/v2\/posts"}],"about":[{"href":"https:\/\/www.caririemacao.com\/1\/wp-json\/wp\/v2\/types\/post"}],"author":[{"embeddable":true,"href":"https:\/\/www.caririemacao.com\/1\/wp-json\/wp\/v2\/users\/1"}],"replies":[{"embeddable":true,"href":"https:\/\/www.caririemacao.com\/1\/wp-json\/wp\/v2\/comments?post=94314"}],"version-history":[{"count":1,"href":"https:\/\/www.caririemacao.com\/1\/wp-json\/wp\/v2\/posts\/94314\/revisions"}],"predecessor-version":[{"id":94317,"href":"https:\/\/www.caririemacao.com\/1\/wp-json\/wp\/v2\/posts\/94314\/revisions\/94317"}],"wp:featuredmedia":[{"embeddable":true,"href":"https:\/\/www.caririemacao.com\/1\/wp-json\/wp\/v2\/media\/69175"}],"wp:attachment":[{"href":"https:\/\/www.caririemacao.com\/1\/wp-json\/wp\/v2\/media?parent=94314"}],"wp:term":[{"taxonomy":"category","embeddable":true,"href":"https:\/\/www.caririemacao.com\/1\/wp-json\/wp\/v2\/categories?post=94314"},{"taxonomy":"post_tag","embeddable":true,"href":"https:\/\/www.caririemacao.com\/1\/wp-json\/wp\/v2\/tags?post=94314"}],"curies":[{"name":"wp","href":"https:\/\/api.w.org\/{rel}","templated":true}]}}