{"id":94322,"date":"2019-05-09T08:27:02","date_gmt":"2019-05-09T11:27:02","guid":{"rendered":"http:\/\/www.caririemacao.com\/1\/?p=94322"},"modified":"2019-05-09T08:27:02","modified_gmt":"2019-05-09T11:27:02","slug":"paciente-do-quarto-caso-de-malaria-na-paraiba-recebe-alta-medica-do-hospital-universitario","status":"publish","type":"post","link":"https:\/\/www.caririemacao.com\/1\/2019\/05\/09\/paciente-do-quarto-caso-de-malaria-na-paraiba-recebe-alta-medica-do-hospital-universitario\/","title":{"rendered":"Paciente do quarto caso de mal\u00e1ria na Para\u00edba recebe alta m\u00e9dica do Hospital Universit\u00e1rio"},"content":{"rendered":"\n<p>O paciente do&nbsp;<a href=\"https:\/\/g1.globo.com\/pb\/paraiba\/noticia\/2019\/05\/03\/paraiba-tem-quarto-caso-de-malaria-em-2019-confirmado-diz-secretaria-de-saude.ghtml\">quarto caso de mal\u00e1ria confirmado na Para\u00edba, em 2019<\/a>, recebeu alta m\u00e9dica no fim da tarde desta quarta-feira (8), de acordo com a assessoria de comunica\u00e7\u00e3o do Hospital Universit\u00e1rio (HU) de Jo\u00e3o Pessoa. O paciente foi diagnosticado no dia 2 de maio, no munic\u00edpio do Conde, na Regi\u00e3o Metropolitana de Jo\u00e3o Pessoa.<\/p>\n\n\n\n<p>A mal\u00e1ria foi identificada em um idoso, de 64 anos, que mora no bairro Village Jacum\u00e3, no Conde. Ap\u00f3s o diagn\u00f3stico, o tratamento foi iniciado no munic\u00edpio, mas devido a outras doen\u00e7as, ele foi transferido para o Hospital Universit\u00e1rio Lauro Wanderley, da Universidade Federal da Para\u00edba (UFPB), em Jo\u00e3o Pessoa.<\/p>\n\n\n\n<p>De acordo com a assessoria do hospital, nenhum outro caso de mal\u00e1ria est\u00e1 sendo tratado na unidade de sa\u00fade.<\/p>\n\n\n\n<p>A Secretaria do Estado e a Secretaria Municipal do Conde informaram que investigam poss\u00edveis casos. Uma comiss\u00e3o especial foi formada com trabalhadores da Aten\u00e7\u00e3o B\u00e1sica e Vigil\u00e2ncia Epidemiol\u00f3gica da cidade para elaborar um relat\u00f3rio sobre o assunto, no prazo de 60 dias desde a data da descoberta da primeira paciente.<\/p>\n\n\n\n<h2 class=\"wp-block-heading\">Outros tr\u00eas casos confirmados<\/h2>\n\n\n\n<p>O&nbsp;<a href=\"https:\/\/g1.globo.com\/pb\/paraiba\/noticia\/2019\/04\/02\/caso-de-malaria-e-confirmado-no-hospital-universitario-lauro-wanderley-em-joao-pessoa.ghtml\">primeiro caso da doen\u00e7a no estado<\/a>, este ano, foi constatado em uma mulher, de 35 anos, moradora do munic\u00edpio do Conde, na Regi\u00e3o Metropolitana da capital paraibana. Ela foi internada no mesmo hospital no dia 29 de mar\u00e7o e,&nbsp;<a href=\"https:\/\/g1.globo.com\/pb\/paraiba\/noticia\/2019\/04\/10\/paciente-do-primeiro-caso-de-malaria-na-paraiba-em-2019-recebe-alta-medica-diz-hu.ghtml\">ap\u00f3s passar por tratamento, recebeu alta<\/a>&nbsp;no dia 9 de abril.<\/p>\n\n\n\n<p>J\u00e1 o\u00a0<a href=\"https:\/\/g1.globo.com\/pb\/paraiba\/noticia\/2019\/04\/07\/segundo-caso-de-malaria-e-confirmado-na-paraiba.ghtml\">segundo caso foi diagnosticado em um homem, de 53 anos<\/a>, que deu entrada inicialmente no Hospital de Ortotrauma de Mangabeira e, depois, foi transferido para o HU no dia 5 de abril, quando exames confirmaram a suspeita. Ele mora no munic\u00edpio de Tavares, mas trabalha no Conde, segundo a Secretaria de Estado da Sa\u00fade e a Secretaria de Sa\u00fade do Conte.\u00a0<a href=\"https:\/\/g1.globo.com\/pb\/paraiba\/noticia\/2019\/04\/12\/segundo-paciente-com-malaria-da-pb-em-2019-recebe-alta-diz-hu.ghtml\">Ele recebeu alta m\u00e9dica no dia 12 de abril.<\/a><\/p>\n\n\n\n<p>O<a href=\"https:\/\/g1.globo.com\/pb\/paraiba\/noticia\/2019\/04\/11\/terceiro-caso-de-malaria-na-paraiba-em-2019-e-confirmado-por-hospital.ghtml\">&nbsp;terceiro caso foi identificado em uma mulher, de 40 anos,<\/a>moradora do bairro de Jacum\u00e3, no Conde. Ela deu entrada no HU no dia 11 de abril, quando a confirma\u00e7\u00e3o de mal\u00e1ria foi feita por meio de um teste r\u00e1pido, e recebeu alta no dia 22 do mesmo m\u00eas.<\/p>\n\n\n\n<h2 class=\"wp-block-heading\">Mal\u00e1ria<\/h2>\n\n\n\n<p>As secretarias chamam a aten\u00e7\u00e3o para os seguintes casos suspeitos:<\/p>\n\n\n\n<ul class=\"wp-block-list\"><li>toda pessoa residente ou que tenha se deslocado para \u00e1rea end\u00eamica para mal\u00e1ria, no per\u00edodo de 8 a 30 dias anterior \u00e0 data dos primeiros sintomas, e que apresente febre alta e intermitente (peri\u00f3dica entre 42 a 72 horas) acompanhada ou n\u00e3o de cefaleia, calafrios, sudorese, cansa\u00e7o ou mialgia;<\/li><li>diante da suspeita, avaliar a cl\u00ednica e solicitar teste r\u00e1pido para mal\u00e1ria e\/ou gota espessa (l\u00e2mina);<\/li><li>importante tamb\u00e9m investigar outras arboviroses como dengue, zika e chikungunya;<\/li><\/ul>\n\n\n\n<p>A mal\u00e1ria n\u00e3o \u00e9 uma doen\u00e7a comum no estado, mas \u00e9 transmitida pela f\u00eamea do mosquito Anopheles, que pode ser encontrado na Para\u00edba nas esp\u00e9cies An.aquasalis; An. albitarsis; An.bellator e An. Argyritarsis.<\/p>\n\n\n\n<p>\u00c9 necess\u00e1rio que o mosquito esteja infectado pelo protozo\u00e1rio Plasmodium nas esp\u00e9cies P. vivax, P. falciparum e P. malariae, que age na corrente sangu\u00ednea para causar a doen\u00e7a.<\/p>\n\n\n\n<p>Al\u00e9m da transmiss\u00e3o por mosquito, a doen\u00e7a pode ser difundida por contato de uma corrente sangu\u00ednea com o sangue contaminado.<\/p>\n\n\n\n<p>G1<\/p>\n\n\n\n<p><br><\/p>\n","protected":false},"excerpt":{"rendered":"<p>O paciente do&nbsp;quarto caso de mal\u00e1ria confirmado na Para\u00edba, em 2019, recebeu alta m\u00e9dica no fim da tarde desta quarta-feira (8), de acordo com a&hellip; <\/p>\n","protected":false},"author":1,"featured_media":90733,"comment_status":"closed","ping_status":"closed","sticky":false,"template":"","format":"standard","meta":{"sfsi_plus_gutenberg_text_before_share":"","sfsi_plus_gutenberg_show_text_before_share":"","sfsi_plus_gutenberg_icon_type":"","sfsi_plus_gutenberg_icon_alignemt":"","sfsi_plus_gutenburg_max_per_row":"","footnotes":""},"categories":[50,16],"tags":[],"class_list":["post-94322","post","type-post","status-publish","format-standard","has-post-thumbnail","hentry","category-destaque","category-saude"],"_links":{"self":[{"href":"https:\/\/www.caririemacao.com\/1\/wp-json\/wp\/v2\/posts\/94322","targetHints":{"allow":["GET"]}}],"collection":[{"href":"https:\/\/www.caririemacao.com\/1\/wp-json\/wp\/v2\/posts"}],"about":[{"href":"https:\/\/www.caririemacao.com\/1\/wp-json\/wp\/v2\/types\/post"}],"author":[{"embeddable":true,"href":"https:\/\/www.caririemacao.com\/1\/wp-json\/wp\/v2\/users\/1"}],"replies":[{"embeddable":true,"href":"https:\/\/www.caririemacao.com\/1\/wp-json\/wp\/v2\/comments?post=94322"}],"version-history":[{"count":1,"href":"https:\/\/www.caririemacao.com\/1\/wp-json\/wp\/v2\/posts\/94322\/revisions"}],"predecessor-version":[{"id":94323,"href":"https:\/\/www.caririemacao.com\/1\/wp-json\/wp\/v2\/posts\/94322\/revisions\/94323"}],"wp:featuredmedia":[{"embeddable":true,"href":"https:\/\/www.caririemacao.com\/1\/wp-json\/wp\/v2\/media\/90733"}],"wp:attachment":[{"href":"https:\/\/www.caririemacao.com\/1\/wp-json\/wp\/v2\/media?parent=94322"}],"wp:term":[{"taxonomy":"category","embeddable":true,"href":"https:\/\/www.caririemacao.com\/1\/wp-json\/wp\/v2\/categories?post=94322"},{"taxonomy":"post_tag","embeddable":true,"href":"https:\/\/www.caririemacao.com\/1\/wp-json\/wp\/v2\/tags?post=94322"}],"curies":[{"name":"wp","href":"https:\/\/api.w.org\/{rel}","templated":true}]}}