{"id":94324,"date":"2019-05-09T08:41:27","date_gmt":"2019-05-09T11:41:27","guid":{"rendered":"http:\/\/www.caririemacao.com\/1\/?p=94324"},"modified":"2019-05-09T08:41:27","modified_gmt":"2019-05-09T11:41:27","slug":"grupo-usa-carro-em-marcha-re-e-arromba-loja-de-eletroeletronicos","status":"publish","type":"post","link":"https:\/\/www.caririemacao.com\/1\/2019\/05\/09\/grupo-usa-carro-em-marcha-re-e-arromba-loja-de-eletroeletronicos\/","title":{"rendered":"Grupo usa carro em marcha-r\u00e9 e arromba loja de eletroeletr\u00f4nicos."},"content":{"rendered":"\n<p>Uma loja de m\u00f3veis e eletroeletr\u00f4nicos foi arrombada na madrugada desta quinta-feira (9), na Avenida Liberdade, no Centro de Bayeux, na Grande Jo\u00e3o Pessoa. De acordo com a pol\u00edcia, o grupo usou um carro em marcha-r\u00e9 para invadir o local.<\/p>\n\n\n\n<p>Os suspeitos utilizaram um carro pequeno na a\u00e7\u00e3o, conforme a PM. Com o carro em marcha-r\u00e9, o grupo derrubou a grade e teve acesso \u00e0 loja. O para-choque do carro ficou no local.<\/p>\n\n\n\n<p>Um vigilante que trabalha perto da loja ouviu o alarme acionar e percebeu que tr\u00eas homens estavam saindo do local colocando v\u00e1rias caixas dentro do carro. O vigilante acionou a pol\u00edcia, que chegou ao local em 10 minutos, mas n\u00e3o conseguiu prender os suspeitos. At\u00e9 as 6h desta quinta-feira, eles n\u00e3o haviam sido localizados.<\/p>\n\n\n\n<p><\/p>\n\n\n\n<p>G1<\/p>\n","protected":false},"excerpt":{"rendered":"<p>Uma loja de m\u00f3veis e eletroeletr\u00f4nicos foi arrombada na madrugada desta quinta-feira (9), na Avenida Liberdade, no Centro de Bayeux, na Grande Jo\u00e3o Pessoa. De&hellip; <\/p>\n","protected":false},"author":1,"featured_media":94325,"comment_status":"closed","ping_status":"closed","sticky":false,"template":"","format":"standard","meta":{"sfsi_plus_gutenberg_text_before_share":"","sfsi_plus_gutenberg_show_text_before_share":"","sfsi_plus_gutenberg_icon_type":"","sfsi_plus_gutenberg_icon_alignemt":"","sfsi_plus_gutenburg_max_per_row":"","footnotes":""},"categories":[12],"tags":[],"class_list":["post-94324","post","type-post","status-publish","format-standard","has-post-thumbnail","hentry","category-policia"],"_links":{"self":[{"href":"https:\/\/www.caririemacao.com\/1\/wp-json\/wp\/v2\/posts\/94324","targetHints":{"allow":["GET"]}}],"collection":[{"href":"https:\/\/www.caririemacao.com\/1\/wp-json\/wp\/v2\/posts"}],"about":[{"href":"https:\/\/www.caririemacao.com\/1\/wp-json\/wp\/v2\/types\/post"}],"author":[{"embeddable":true,"href":"https:\/\/www.caririemacao.com\/1\/wp-json\/wp\/v2\/users\/1"}],"replies":[{"embeddable":true,"href":"https:\/\/www.caririemacao.com\/1\/wp-json\/wp\/v2\/comments?post=94324"}],"version-history":[{"count":1,"href":"https:\/\/www.caririemacao.com\/1\/wp-json\/wp\/v2\/posts\/94324\/revisions"}],"predecessor-version":[{"id":94326,"href":"https:\/\/www.caririemacao.com\/1\/wp-json\/wp\/v2\/posts\/94324\/revisions\/94326"}],"wp:featuredmedia":[{"embeddable":true,"href":"https:\/\/www.caririemacao.com\/1\/wp-json\/wp\/v2\/media\/94325"}],"wp:attachment":[{"href":"https:\/\/www.caririemacao.com\/1\/wp-json\/wp\/v2\/media?parent=94324"}],"wp:term":[{"taxonomy":"category","embeddable":true,"href":"https:\/\/www.caririemacao.com\/1\/wp-json\/wp\/v2\/categories?post=94324"},{"taxonomy":"post_tag","embeddable":true,"href":"https:\/\/www.caririemacao.com\/1\/wp-json\/wp\/v2\/tags?post=94324"}],"curies":[{"name":"wp","href":"https:\/\/api.w.org\/{rel}","templated":true}]}}