{"id":94327,"date":"2019-05-09T08:47:33","date_gmt":"2019-05-09T11:47:33","guid":{"rendered":"http:\/\/www.caririemacao.com\/1\/?p=94327"},"modified":"2019-05-09T08:47:33","modified_gmt":"2019-05-09T11:47:33","slug":"operacao-cumpre-mandados-em-tres-estados-contra-suspeitos-de-lavagem-de-dinheiro","status":"publish","type":"post","link":"https:\/\/www.caririemacao.com\/1\/2019\/05\/09\/operacao-cumpre-mandados-em-tres-estados-contra-suspeitos-de-lavagem-de-dinheiro\/","title":{"rendered":"Opera\u00e7\u00e3o cumpre mandados em tr\u00eas estados contra suspeitos de lavagem de dinheiro"},"content":{"rendered":"\n<p>A Pol\u00edcia Civil de&nbsp;<a href=\"https:\/\/g1.globo.com\/pe\/pernambuco\">Pernambuco<\/a>&nbsp;e a Secretaria da Fazenda (Sefaz) desencadearam, nesta quinta-feira (9), a opera\u00e7\u00e3o Mar Aberto. A a\u00e7\u00e3o mira uma quadrilha envolvida com lavagem de dinheiro e crimes tribut\u00e1rios, contando com apoio das pol\u00edcias de&nbsp;<a href=\"https:\/\/g1.globo.com\/sp\/sao-paulo\/\">S\u00e3o Paulo<\/a>&nbsp;e da&nbsp;<a href=\"https:\/\/g1.globo.com\/pb\/paraiba\/\">Para\u00edba&nbsp;<\/a>no cumprimento dos mandados.<\/p>\n\n\n\n<p>Ao todo, foram emitidos nove mandados de pris\u00e3o e outros 18 de busca e apreens\u00e3o. Entre os locais com mandados cumpridos, h\u00e1 os bairros de Boa Viagem, na Zona Sul do Recife, e Candeias, em Jaboat\u00e3o dos Guararapes. Os outros locais n\u00e3o foram divulgados.<\/p>\n\n\n\n<p>A investiga\u00e7\u00e3o come\u00e7ou em dezembro de 2017 e \u00e9 comandada pela delegada Priscila Von Sohsten, do Departamento de Repress\u00e3o \u00e0 Corrup\u00e7\u00e3o e ao Crime Organizado (Draco), com apoio da Diretoria de Intelig\u00eancia e do Laborat\u00f3rio de Lavagem de Dinheiro da corpora\u00e7\u00e3o.<\/p>\n\n\n\n<p>A opera\u00e7\u00e3o conta com cem policiais civis de Pernambuco, al\u00e9m de duas equipes da Policia Civil de S\u00e3o Paulo e outra da Pol\u00edcia Civil da Para\u00edba, al\u00e9m de equipes coordenadas por auditores da Sefaz.<\/p>\n\n\n\n<p>Os presos e apreens\u00f5es em Pernambuco s\u00e3o encaminhados para a sede do Draco, no bairro do Tijipi\u00f3, no Recife. Os detalhes preliminares devem ser divulgados na manh\u00e3 desta quinta.<\/p>\n\n\n\n<figure class=\"wp-block-image\"><img decoding=\"async\" data-src=\"https:\/\/s2.glbimg.com\/mr7ZGgm5UdJkvfWRerwBONffvqg=\/0x0:1032x581\/984x0\/smart\/filters:strip_icc()\/i.s3.glbimg.com\/v1\/AUTH_59edd422c0c84a879bd37670ae4f538a\/internal_photos\/bs\/2019\/K\/p\/joQzTqTemXZZEheDJClQ\/draco-recife.jpeg\" alt=\"Departamento de Repress\u00e3o \u00e0 Corrup\u00e7\u00e3o e ao Crime Organizado (Draco), no bairro de Tejipi\u00f3, no Recife \u2014 Foto: Marina Meireles\/G1\" src=\"data:image\/svg+xml;base64,PHN2ZyB3aWR0aD0iMSIgaGVpZ2h0PSIxIiB4bWxucz0iaHR0cDovL3d3dy53My5vcmcvMjAwMC9zdmciPjwvc3ZnPg==\" class=\"lazyload\" \/><\/figure>\n\n\n\n<p>Departamento de Repress\u00e3o \u00e0 Corrup\u00e7\u00e3o e ao Crime Organizado (Draco), no bairro de Tejipi\u00f3, no Recife \u2014 Foto: Marina Meireles\/G<\/p>\n\n\n\n<p><\/p>\n\n\n\n<p>G1<\/p>\n","protected":false},"excerpt":{"rendered":"<p>A Pol\u00edcia Civil de&nbsp;Pernambuco&nbsp;e a Secretaria da Fazenda (Sefaz) desencadearam, nesta quinta-feira (9), a opera\u00e7\u00e3o Mar Aberto. A a\u00e7\u00e3o mira uma quadrilha envolvida com lavagem&hellip; <\/p>\n","protected":false},"author":1,"featured_media":94329,"comment_status":"closed","ping_status":"closed","sticky":false,"template":"","format":"standard","meta":{"sfsi_plus_gutenberg_text_before_share":"","sfsi_plus_gutenberg_show_text_before_share":"","sfsi_plus_gutenberg_icon_type":"","sfsi_plus_gutenberg_icon_alignemt":"","sfsi_plus_gutenburg_max_per_row":"","footnotes":""},"categories":[12],"tags":[],"class_list":["post-94327","post","type-post","status-publish","format-standard","has-post-thumbnail","hentry","category-policia"],"_links":{"self":[{"href":"https:\/\/www.caririemacao.com\/1\/wp-json\/wp\/v2\/posts\/94327","targetHints":{"allow":["GET"]}}],"collection":[{"href":"https:\/\/www.caririemacao.com\/1\/wp-json\/wp\/v2\/posts"}],"about":[{"href":"https:\/\/www.caririemacao.com\/1\/wp-json\/wp\/v2\/types\/post"}],"author":[{"embeddable":true,"href":"https:\/\/www.caririemacao.com\/1\/wp-json\/wp\/v2\/users\/1"}],"replies":[{"embeddable":true,"href":"https:\/\/www.caririemacao.com\/1\/wp-json\/wp\/v2\/comments?post=94327"}],"version-history":[{"count":1,"href":"https:\/\/www.caririemacao.com\/1\/wp-json\/wp\/v2\/posts\/94327\/revisions"}],"predecessor-version":[{"id":94330,"href":"https:\/\/www.caririemacao.com\/1\/wp-json\/wp\/v2\/posts\/94327\/revisions\/94330"}],"wp:featuredmedia":[{"embeddable":true,"href":"https:\/\/www.caririemacao.com\/1\/wp-json\/wp\/v2\/media\/94329"}],"wp:attachment":[{"href":"https:\/\/www.caririemacao.com\/1\/wp-json\/wp\/v2\/media?parent=94327"}],"wp:term":[{"taxonomy":"category","embeddable":true,"href":"https:\/\/www.caririemacao.com\/1\/wp-json\/wp\/v2\/categories?post=94327"},{"taxonomy":"post_tag","embeddable":true,"href":"https:\/\/www.caririemacao.com\/1\/wp-json\/wp\/v2\/tags?post=94327"}],"curies":[{"name":"wp","href":"https:\/\/api.w.org\/{rel}","templated":true}]}}