{"id":94338,"date":"2019-05-09T09:20:47","date_gmt":"2019-05-09T12:20:47","guid":{"rendered":"http:\/\/www.caririemacao.com\/1\/?p=94338"},"modified":"2019-05-09T09:20:47","modified_gmt":"2019-05-09T12:20:47","slug":"petista-afirma-ser-contra-delacoes-premiadas-e-nao-acredita-em-inocencia-de-livania","status":"publish","type":"post","link":"https:\/\/www.caririemacao.com\/1\/2019\/05\/09\/petista-afirma-ser-contra-delacoes-premiadas-e-nao-acredita-em-inocencia-de-livania\/","title":{"rendered":"Petista afirma ser contra dela\u00e7\u00f5es premiadas e n\u00e3o acredita em inoc\u00eancia de Liv\u00e2nia"},"content":{"rendered":"\n<p>An\u00edsio Maia (PT) assumiu a supl\u00eancia como deputado estadual na Casa Epit\u00e1cio Pessoa nesta quarta-feira (8). Durante entrevista para a r\u00e1dio Correio FM, o deputado disse achar o m\u00e9todo da dela\u00e7\u00e3o premiada quase inquisitorial e violento e declarou ser contra a pris\u00e3o de pessoas em opera\u00e7\u00f5es que realizam as a\u00e7\u00f5es em lugares e situa\u00e7\u00f5es inapropriadas.<\/p>\n\n\n\n<figure class=\"wp-block-image\"><img decoding=\"async\" data-src=\"https:\/\/paraibaonline.com.br\/wp-content\/uploads\/2018\/10\/anisio-maia.jpg\" alt=\"\" class=\"wp-image-517527 lazyload\" src=\"data:image\/svg+xml;base64,PHN2ZyB3aWR0aD0iMSIgaGVpZ2h0PSIxIiB4bWxucz0iaHR0cDovL3d3dy53My5vcmcvMjAwMC9zdmciPjwvc3ZnPg==\" \/><\/figure>\n\n\n\n<p>Foto: Paraibaonline<\/p>\n\n\n\n<p>\u2013 Isso tudo tem um sentido de criar um ambiente pol\u00edtico, a\u00ed l\u00e1 vem a oposi\u00e7\u00e3o e passa o dia todo falando. Cria toda uma situa\u00e7\u00e3o constrangedora \u2013 declarou.<\/p>\n\n\n\n<p>Ele disse n\u00e3o acreditar cegamente em acordos sob press\u00e3o e torturas psicol\u00f3gicas e, ao ser questionado, afirmou n\u00e3o acreditar na inoc\u00eancia de Liv\u00e2nia Farias.<\/p>\n","protected":false},"excerpt":{"rendered":"<p>An\u00edsio Maia (PT) assumiu a supl\u00eancia como deputado estadual na Casa Epit\u00e1cio Pessoa nesta quarta-feira (8). Durante entrevista para a r\u00e1dio Correio FM, o deputado&hellip; <\/p>\n","protected":false},"author":1,"featured_media":94339,"comment_status":"closed","ping_status":"closed","sticky":false,"template":"","format":"standard","meta":{"sfsi_plus_gutenberg_text_before_share":"","sfsi_plus_gutenberg_show_text_before_share":"","sfsi_plus_gutenberg_icon_type":"","sfsi_plus_gutenberg_icon_alignemt":"","sfsi_plus_gutenburg_max_per_row":"","footnotes":""},"categories":[11],"tags":[],"class_list":["post-94338","post","type-post","status-publish","format-standard","has-post-thumbnail","hentry","category-politica"],"_links":{"self":[{"href":"https:\/\/www.caririemacao.com\/1\/wp-json\/wp\/v2\/posts\/94338","targetHints":{"allow":["GET"]}}],"collection":[{"href":"https:\/\/www.caririemacao.com\/1\/wp-json\/wp\/v2\/posts"}],"about":[{"href":"https:\/\/www.caririemacao.com\/1\/wp-json\/wp\/v2\/types\/post"}],"author":[{"embeddable":true,"href":"https:\/\/www.caririemacao.com\/1\/wp-json\/wp\/v2\/users\/1"}],"replies":[{"embeddable":true,"href":"https:\/\/www.caririemacao.com\/1\/wp-json\/wp\/v2\/comments?post=94338"}],"version-history":[{"count":1,"href":"https:\/\/www.caririemacao.com\/1\/wp-json\/wp\/v2\/posts\/94338\/revisions"}],"predecessor-version":[{"id":94340,"href":"https:\/\/www.caririemacao.com\/1\/wp-json\/wp\/v2\/posts\/94338\/revisions\/94340"}],"wp:featuredmedia":[{"embeddable":true,"href":"https:\/\/www.caririemacao.com\/1\/wp-json\/wp\/v2\/media\/94339"}],"wp:attachment":[{"href":"https:\/\/www.caririemacao.com\/1\/wp-json\/wp\/v2\/media?parent=94338"}],"wp:term":[{"taxonomy":"category","embeddable":true,"href":"https:\/\/www.caririemacao.com\/1\/wp-json\/wp\/v2\/categories?post=94338"},{"taxonomy":"post_tag","embeddable":true,"href":"https:\/\/www.caririemacao.com\/1\/wp-json\/wp\/v2\/tags?post=94338"}],"curies":[{"name":"wp","href":"https:\/\/api.w.org\/{rel}","templated":true}]}}