{"id":94341,"date":"2019-05-09T09:25:32","date_gmt":"2019-05-09T12:25:32","guid":{"rendered":"http:\/\/www.caririemacao.com\/1\/?p=94341"},"modified":"2019-05-09T09:25:32","modified_gmt":"2019-05-09T12:25:32","slug":"temer-deve-se-apresentar-hoje-a-policia-federal","status":"publish","type":"post","link":"https:\/\/www.caririemacao.com\/1\/2019\/05\/09\/temer-deve-se-apresentar-hoje-a-policia-federal\/","title":{"rendered":"Temer deve se apresentar hoje \u00e0 Pol\u00edcia Federal"},"content":{"rendered":"\n<p>O ex-presidente da Rep\u00fablica Michel Temer deve se apresentar \u00e0 Pol\u00edcia Federalm (PF) nesta quinta-feira (9), depois que o Tribunal Regional Federal da 2\u00aa Regi\u00e3o (TRF2), com sede no Rio de Janeiro, suspendeu os habeas corpus do ex-presidente e do coronel Jo\u00e3o Baptista Lima Filho que os mantinham em liberdade. O ex-presidente falou com a imprensa na noite dessa quarta-feira (8) em S\u00e3o Paulo e prometeu se apresentar \u00e0 PF. A 1\u00aa Turma Especializada do TRF2 julgou o m\u00e9rito dos habeas corpus na tarde de ontem.<\/p>\n\n\n\n<p><strong>Opera\u00e7\u00e3o Descontamina\u00e7\u00e3o<\/strong><\/p>\n\n\n\n<p>Depois de terem sido presos na Opera\u00e7\u00e3o Descontamina\u00e7\u00e3o, no dia 21 de mar\u00e7o, Temer e o Coronel Lima foram soltos quatro dias depois, dia 25, em uma decis\u00e3o liminar do desembargador Ivan Athi\u00e9, que integra a 1\u00aa Turma do TRF2 com mais dois desembargadores: Abel Gomes e Paulo Esp\u00edrito Santo.<\/p>\n\n\n\n<p>As defesas de Temer e do coronel Lima pediram que eles possam se apresentar \u00e0 Justi\u00e7a, sem serem capturados. Abel Gomes disse que vai expedir novos mandados de pris\u00e3o e que os dois poder\u00e3o se apresentar nos locais em que preferirem.<\/p>\n\n\n\n<figure class=\"wp-block-image\"><img decoding=\"async\" data-src=\"http:\/\/imagens.ebc.com.br\/mibl52MYWzucjQ1b3o_9AoyG7Kc=\/754x0\/smart\/http:\/\/agenciabrasil.ebc.com.br\/sites\/default\/files\/thumbnails\/image\/antcrz_abr_1912189095.jpg?itok=ZgfJCYk5\" alt=\"O presidente Michel Temer coordena a \u00faltima reuni\u00e3o ministerial de seu governo, no Pal\u00e1cio do Planalto.\" src=\"data:image\/svg+xml;base64,PHN2ZyB3aWR0aD0iMSIgaGVpZ2h0PSIxIiB4bWxucz0iaHR0cDovL3d3dy53My5vcmcvMjAwMC9zdmciPjwvc3ZnPg==\" class=\"lazyload\" \/><\/figure>\n\n\n\n<p>O ex-presidente Michel Temer \u00e9 acusado de crimes de corrup\u00e7\u00e3o relacionados \u00e0 constru\u00e7\u00e3o da Usina Nuclear Angra 3. &#8211;&nbsp;<strong>Antonio Cruz\/ Ag\u00eancia Brasil<\/strong><\/p>\n\n\n\n<p>O ex-presidente foi preso preventivamente junto com o ex-ministro e outros acusados de integrar uma quadrilha que cometeu crimes de corrup\u00e7\u00e3o relacionados \u00e0 constru\u00e7\u00e3o da Usina Nuclear Angra 3. A pedido da defesa, ap\u00f3s ser preso, Temer foi levado para a sede da Superintend\u00eancia da Pol\u00edcia Federal no Rio de Janeiro. O ex-ministro Moreira Franco estava preso no Batalh\u00e3o Especial Prisional (BEP), em Niter\u00f3i.<\/p>\n\n\n\n<p>As pris\u00f5es foram determinadas pelo juiz federal Marcelo Bretas, da 7\u00aa Vara Federal Criminal, que julga os processos relacionados \u00e0 Lava Jato no Rio de Janeiro.<\/p>\n\n\n\n<p><strong>Defesas<\/strong><\/p>\n\n\n\n<p>O advogado do ex-presidente Michel Temer, Eduardo Pizarro Carnel\u00f3s, disse, assim que terminou a audi\u00eancia, que hoje ir\u00e1 recorrer ao Superior Tribunal de Justi\u00e7a (STJ). Tamb\u00e9m informou que Temer se apresentar\u00e1 espontaneamente \u00e0 Justi\u00e7a nesta quinta, em S\u00e3o Paulo.<\/p>\n\n\n\n<p>\u201cS\u00f3 posso lamentar, porque considero uma injusti\u00e7a. N\u00e3o h\u00e1 fundamentos\u201d, disse Carnel\u00f3. Para o advogado, a decis\u00e3o do tribunal levou em conta o que chamou de \u201cdar um exemplo \u00e0 sociedade\u201d, mas, segundo ele, n\u00e3o h\u00e1 risco \u00e0 ordem p\u00fablica.<\/p>\n\n\n\n<p>A defesa do coronel Lima saiu sem comentar a decis\u00e3o da Justi\u00e7a.<\/p>\n","protected":false},"excerpt":{"rendered":"<p>O ex-presidente da Rep\u00fablica Michel Temer deve se apresentar \u00e0 Pol\u00edcia Federalm (PF) nesta quinta-feira (9), depois que o Tribunal Regional Federal da 2\u00aa Regi\u00e3o&hellip; <\/p>\n","protected":false},"author":1,"featured_media":89226,"comment_status":"closed","ping_status":"closed","sticky":false,"template":"","format":"standard","meta":{"sfsi_plus_gutenberg_text_before_share":"","sfsi_plus_gutenberg_show_text_before_share":"","sfsi_plus_gutenberg_icon_type":"","sfsi_plus_gutenberg_icon_alignemt":"","sfsi_plus_gutenburg_max_per_row":"","footnotes":""},"categories":[11],"tags":[],"class_list":["post-94341","post","type-post","status-publish","format-standard","has-post-thumbnail","hentry","category-politica"],"_links":{"self":[{"href":"https:\/\/www.caririemacao.com\/1\/wp-json\/wp\/v2\/posts\/94341","targetHints":{"allow":["GET"]}}],"collection":[{"href":"https:\/\/www.caririemacao.com\/1\/wp-json\/wp\/v2\/posts"}],"about":[{"href":"https:\/\/www.caririemacao.com\/1\/wp-json\/wp\/v2\/types\/post"}],"author":[{"embeddable":true,"href":"https:\/\/www.caririemacao.com\/1\/wp-json\/wp\/v2\/users\/1"}],"replies":[{"embeddable":true,"href":"https:\/\/www.caririemacao.com\/1\/wp-json\/wp\/v2\/comments?post=94341"}],"version-history":[{"count":1,"href":"https:\/\/www.caririemacao.com\/1\/wp-json\/wp\/v2\/posts\/94341\/revisions"}],"predecessor-version":[{"id":94342,"href":"https:\/\/www.caririemacao.com\/1\/wp-json\/wp\/v2\/posts\/94341\/revisions\/94342"}],"wp:featuredmedia":[{"embeddable":true,"href":"https:\/\/www.caririemacao.com\/1\/wp-json\/wp\/v2\/media\/89226"}],"wp:attachment":[{"href":"https:\/\/www.caririemacao.com\/1\/wp-json\/wp\/v2\/media?parent=94341"}],"wp:term":[{"taxonomy":"category","embeddable":true,"href":"https:\/\/www.caririemacao.com\/1\/wp-json\/wp\/v2\/categories?post=94341"},{"taxonomy":"post_tag","embeddable":true,"href":"https:\/\/www.caririemacao.com\/1\/wp-json\/wp\/v2\/tags?post=94341"}],"curies":[{"name":"wp","href":"https:\/\/api.w.org\/{rel}","templated":true}]}}