{"id":94344,"date":"2019-05-09T09:54:33","date_gmt":"2019-05-09T12:54:33","guid":{"rendered":"http:\/\/www.caririemacao.com\/1\/?p=94344"},"modified":"2019-05-09T09:54:33","modified_gmt":"2019-05-09T12:54:33","slug":"programacao-do-sao-joao-de-monteiro-tem-wesley-safadao-jonas-esticado-e-marcia-felipe","status":"publish","type":"post","link":"https:\/\/www.caririemacao.com\/1\/2019\/05\/09\/programacao-do-sao-joao-de-monteiro-tem-wesley-safadao-jonas-esticado-e-marcia-felipe\/","title":{"rendered":"Programa\u00e7\u00e3o do S\u00e3o Jo\u00e3o de Monteiro tem Wesley Safad\u00e3o, Jonas Esticado e M\u00e1rcia Felipe"},"content":{"rendered":"\n<p>Esta \u00faltima semana os monteirenses e turistas vivenciaram momentos de expectativa e contagem regressiva para o an\u00fancio das atra\u00e7\u00f5es de um dos maiores eventos da Para\u00edba, O S\u00e3o Jo\u00e3o de Monteiro \u2013 Cidade Forr\u00f3 \u2013 Uma Festa Cada Vez Melhor.<\/p>\n\n\n\n<p>De acordo com a prefeita Anna Lorena e a equipe engajada nos preparativos da festividade junina, existe a expectativa de que haja um aumento consider\u00e1vel no faturamento deste ano, tendo em vista que um dos maiores S\u00e3o Jo\u00e3o da Para\u00edba cresce a cada ano, al\u00e9m de outros fatores como estrutura e seguran\u00e7a.<\/p>\n\n\n\n<p>\u201cEstamos com uma \u00f3tima expectativa para O S\u00e3o Jo\u00e3o de Monteiro. Acredito que teremos um aumento consider\u00e1vel nas receitas atrav\u00e9s do maior n\u00famero de turistas que estamos aguardando. J\u00e1 temos not\u00edcias que a rede hoteleira da cidade j\u00e1 se encontra com grande n\u00famero de reservas. Este ano ser\u00e1 mais um sucesso\u201d, festeja Anna Lorena.<\/p>\n\n\n\n<p><strong>Programa\u00e7\u00e3o<\/strong><\/p>\n\n\n\n<p>O an\u00fancio da programa\u00e7\u00e3o O S\u00e3o Jo\u00e3o de Monteiro foi feita na noite desta quarta-feira, 08, na Pra\u00e7a Jo\u00e3o Pessoa com apresenta\u00e7\u00e3o cultural e show de forr\u00f3 com J\u00falio Martins.<\/p>\n\n\n\n<p>A prefeita Anna Lorena esteve com sua equipe de secret\u00e1rios e vereadores para informar a popula\u00e7\u00e3o sobre as diversas novidades, como o local da festa que foi transferido para a Pra\u00e7a de Eventos Zab\u00e9 da Loca, que fica \u00e0s margens do A\u00e7ude P\u00fablico. O local foi testado com a inova\u00e7\u00e3o do espet\u00e1culo da Paix\u00e3o de Cristo e aprovado pela popula\u00e7\u00e3o.<\/p>\n\n\n\n<p><strong>Festival de Quadrilhas<\/strong>&nbsp;\u2013 Um dos atrativos mais tradicionais da cidade \u00e9 o Festival de Quadrilhas que percorre todos os bairros. Abrindo a programa\u00e7\u00e3o junina, o anarri\u00ea come\u00e7a no dia 08 de junho e prossegue at\u00e9 o dia 17 com a Quadrilha dos Trocados.<\/p>\n\n\n\n<p><strong>Cavalgada Junina<\/strong>&nbsp;\u2013 O encontro de cavaleiros e amazonas de v\u00e1rios estados acontece no domingo, dia 23. A concentra\u00e7\u00e3o acontece na Fazenda Embrapa a partir das 09 horas da manh\u00e3, e o percurso ser\u00e1 de 10 kil\u00f4metros.<\/p>\n\n\n\n<p><strong>Maratona Junina<\/strong>&nbsp;\u2013 Atletas profissionais e amadores guardam um pouco de suas energias durante os festejos para percorrer as principais ruas e avenidas da Princesa do Cariri, que neste ano acontece no domingo, dia 16. Divididos em 4 categorias masculinas e uma feminina, a Maratona Junina se une a programa\u00e7\u00e3o com baterias de 10 e 6 KM.<\/p>\n\n\n\n<p><strong>Pedala Junino<\/strong>&nbsp;\u2013 N\u00e3o \u00e9 s\u00f3 a paisagem e o forr\u00f3 que motivam os monteirenses e turistas, os esportistas adeptos do pedal tamb\u00e9m tem seu espa\u00e7o, sendo o Pedala Junino tamb\u00e9m um dos grandes atrativos do S\u00e3o Jo\u00e3o de Monteiro. Para os interessados, basta se vestir a car\u00e1ter e ir pro Parque das \u00c1guas no dia 28 \u00e0s 15 horas e participar.<\/p>\n\n\n\n<p><strong>Bus\u00e3o do Forr\u00f3<\/strong>&nbsp;\u2013 Uma cidade como Monteiro guarda em cada canto uma beleza diferente, tendo em vista a quantidade de turistas que fazem sua primeira ou mil\u00e9sima visita, n\u00e3o poderia deixar de ter um tour forroz\u00edstico. Assim foi criado o Bus\u00e3o do Forro, que leva os turistas pelos principais pontos tur\u00edsticos da cidade com muita alegria, forr\u00f3 e arrasta-p\u00e9. O trajeto tem seu in\u00edcio e fim no S\u00edtio S\u00e3o Francisco. Para quem quer conhecer a cidade com muito forr\u00f3, o passeio acontece no dia 22 de junho.<\/p>\n\n\n\n<p><strong>S\u00edtio S\u00e3o Francisco<\/strong>&nbsp;\u2013 Homenageando o Santo que nomeia o rio que revigorou Monteiro, o segundo cen\u00e1rio do S\u00e3o Jo\u00e3o de Monteiro abriga com\u00e9rcio de comidas e bebidas, al\u00e9m de incluir um palco onde se apresenta a programa\u00e7\u00e3o alternativa do S\u00e3o Jo\u00e3o \u2013 Uma Festa Cada Vez Melhor. O S\u00edtio S\u00e3o Francisco se localiza na lateral do Mercado P\u00fablico Municipal e cont\u00e9m em seu espa\u00e7o a Vila da Imprensa, a Igrejinha, barracas onde artistas locais exp\u00f5em o seu trabalho artesanal, al\u00e9m da Casa de Taipa que tem em seu interior o design e m\u00f3veis utilizados pelos primeiros moradores da cidade.<\/p>\n\n\n\n<p><strong>Confira a programa\u00e7\u00e3o do S\u00edtio S\u00e3o Francisco:<\/strong><\/p>\n\n\n\n<p><strong>Dia 21 (sexta-feira)<\/strong><br>16 HORAS \u2013 Trio P\u00e9 de Serra<br>18 HORAS \u2013 Sussa de Monteiro<br>19:30 \u2013 Xote Universit\u00e1rio<\/p>\n\n\n\n<p><strong>Dia 22 (s\u00e1bado)<\/strong><br>16 HORAS \u2013 Trio P\u00e9 de Serra<br>18 HORAS \u2013 Forr\u00f3 Gente Boa<br>19:30 \u2013 Tonny Lucco<\/p>\n\n\n\n<p><strong>Dia 23 (domingo)<\/strong><br>16 HORAS \u2013 Trio P\u00e9 de Serra<br>18 HORAS \u2013 AMIGOS DE MONTEIRO (Nanado, Ulisses, Marcone e Edilson)<br>19:30 \u2013 Ragner Vox<\/p>\n\n\n\n<p><strong>Dia 24 (segunda-feira)<\/strong><br>16 HORAS \u2013 Trio P\u00e9 de Serra<br>18 HORAS \u2013 FORR\u00d3 KENT<br>19:30 \u2013 Vav\u00e1 Dias<\/p>\n\n\n\n<p><strong>Dia 25 (ter\u00e7a-feira)<\/strong><br>16 HORAS \u2013 Trio P\u00e9 de Serra<br>18 HORAS \u2013 M W Show<\/p>\n\n\n\n<p><strong>Dia 26 (quarta-feira)<\/strong><br>16 HORAS \u2013 Trio P\u00e9 de Serra<br>18 HORAS \u2013 Amor Falso<\/p>\n\n\n\n<p><strong>Dia 27 (quinta-feira)<\/strong><br>16 HORAS \u2013 Trio P\u00e9 de Serra<br>17 HORAS \u2013 Casamento Comunit\u00e1rio<br>18 HORAS \u2013 Forr\u00f3 do Candeeiro<br>19:30 \u2013 Patr\u00f5es do Forr\u00f3<\/p>\n\n\n\n<p><strong>Casamento Comunit\u00e1rio<\/strong>&nbsp;\u2013 Uma a\u00e7\u00e3o social em um dos mais belos cen\u00e1rios implantados na cidade, o S\u00edtio S\u00e3o Francisco acolhe cerca de 20 casais, em cada ano, para um \u201csim\u201d bastante rom\u00e2ntico com direito a convidados, padrinhos, comes e bebes, e claro uma grandiosa comemora\u00e7\u00e3o do jeito caririzeiro, com o melhor do forr\u00f3 pra comemorar. Neste ano a festa acontece no dia 27 de junho.<\/p>\n\n\n\n<p><strong>Palco Principal<\/strong>&nbsp;\u2013 As atra\u00e7\u00f5es do palco principal foram escolhidas a dedo pela prefeita Anna Lorena e a secretaria de Cultura e Turismo Cristhianne Leal. Para a vinda dos artistas foram levadas em conta a opini\u00e3o e o gosto da popula\u00e7\u00e3o.<\/p>\n\n\n\n<p><strong>Confira a programa\u00e7\u00e3o do palco principal:<\/strong><\/p>\n\n\n\n<p><strong>Dia 21 (sexta-feira)<\/strong><br>Solange Almeida<br>Marcelo Paiva &amp; Santiago<br>Samya Maia<br>Davi Louren\u00e7o<\/p>\n\n\n\n<p><strong>Dia 22 (s\u00e1bado)<\/strong><br>Jonas Esticado<br>Dejinha<br>Fabiana Souto<br>Forr\u00f3 + Eu<\/p>\n\n\n\n<p><strong>Dia 23 (domingo)<\/strong><br>Jorge de Altinho<br>Mateus Fernandes<br>Banda Encantu\u2019s<br>Adriano Silva<\/p>\n\n\n\n<p><strong>Dia 24 (segunda-feira)<\/strong><br>Marcia Felipe<br>Edson Lima<br>Niedson Lua<br>Neno Magn\u00edfico<\/p>\n\n\n\n<p><strong>Dia 25 (ter\u00e7a-feira)<\/strong><br>Wesley Safadao<br>Walkyria Santos<br>Fabiano Guimaraes<br>Xod\u00f3 do Cariri<\/p>\n\n\n\n<p>Ainda em tom de comemora\u00e7\u00e3o, no dia 28 o munic\u00edpio de Monteiro completa 147 anos de conquistas, e para tal a prefeita Anna Lorena tamb\u00e9m preparou uma grande programa\u00e7\u00e3o que acontece no S\u00edtio S\u00e3o Francisco :<\/p>\n\n\n\n<p>16 H \u2013 Forr\u00f3 P\u00e9 de Serra<br>17 H \u2013 Entrega Oficial de Obras e A\u00e7\u00f5es<br>17:30 \u2013 Lan\u00e7amento Do Programa Cidade Trabalho<br>18 H \u2013 Musical Dias<\/p>\n\n\n\n<p><strong>PRA\u00c7A JO\u00c3O PESSOA<\/strong><\/p>\n\n\n\n<p>20 HORAS \u2013 CELEBRA\u00c7\u00c3O ECUM\u00caNICA<\/p>\n\n\n\n<p><strong>Dia 29<\/strong><br>16 H \u2013 Trio P\u00e9 de Serra<br>18 H \u2013 Ramon do Acordeom<br>19:30 \u2013 Fernando e Felipe<br><\/p>\n","protected":false},"excerpt":{"rendered":"<p>Esta \u00faltima semana os monteirenses e turistas vivenciaram momentos de expectativa e contagem regressiva para o an\u00fancio das atra\u00e7\u00f5es de um dos maiores eventos da&hellip; <\/p>\n","protected":false},"author":1,"featured_media":94345,"comment_status":"closed","ping_status":"closed","sticky":false,"template":"","format":"standard","meta":{"sfsi_plus_gutenberg_text_before_share":"","sfsi_plus_gutenberg_show_text_before_share":"","sfsi_plus_gutenberg_icon_type":"","sfsi_plus_gutenberg_icon_alignemt":"","sfsi_plus_gutenburg_max_per_row":"","footnotes":""},"categories":[6,50],"tags":[],"class_list":["post-94344","post","type-post","status-publish","format-standard","has-post-thumbnail","hentry","category-cidades","category-destaque"],"_links":{"self":[{"href":"https:\/\/www.caririemacao.com\/1\/wp-json\/wp\/v2\/posts\/94344","targetHints":{"allow":["GET"]}}],"collection":[{"href":"https:\/\/www.caririemacao.com\/1\/wp-json\/wp\/v2\/posts"}],"about":[{"href":"https:\/\/www.caririemacao.com\/1\/wp-json\/wp\/v2\/types\/post"}],"author":[{"embeddable":true,"href":"https:\/\/www.caririemacao.com\/1\/wp-json\/wp\/v2\/users\/1"}],"replies":[{"embeddable":true,"href":"https:\/\/www.caririemacao.com\/1\/wp-json\/wp\/v2\/comments?post=94344"}],"version-history":[{"count":1,"href":"https:\/\/www.caririemacao.com\/1\/wp-json\/wp\/v2\/posts\/94344\/revisions"}],"predecessor-version":[{"id":94346,"href":"https:\/\/www.caririemacao.com\/1\/wp-json\/wp\/v2\/posts\/94344\/revisions\/94346"}],"wp:featuredmedia":[{"embeddable":true,"href":"https:\/\/www.caririemacao.com\/1\/wp-json\/wp\/v2\/media\/94345"}],"wp:attachment":[{"href":"https:\/\/www.caririemacao.com\/1\/wp-json\/wp\/v2\/media?parent=94344"}],"wp:term":[{"taxonomy":"category","embeddable":true,"href":"https:\/\/www.caririemacao.com\/1\/wp-json\/wp\/v2\/categories?post=94344"},{"taxonomy":"post_tag","embeddable":true,"href":"https:\/\/www.caririemacao.com\/1\/wp-json\/wp\/v2\/tags?post=94344"}],"curies":[{"name":"wp","href":"https:\/\/api.w.org\/{rel}","templated":true}]}}