{"id":94348,"date":"2019-05-09T11:42:08","date_gmt":"2019-05-09T14:42:08","guid":{"rendered":"http:\/\/www.caririemacao.com\/1\/?p=94348"},"modified":"2019-05-09T11:42:08","modified_gmt":"2019-05-09T14:42:08","slug":"bolsonaro-recebe-joao-azevedo-e-governadores-do-nordeste-em-reuniao-no-palacio-do-planalto","status":"publish","type":"post","link":"https:\/\/www.caririemacao.com\/1\/2019\/05\/09\/bolsonaro-recebe-joao-azevedo-e-governadores-do-nordeste-em-reuniao-no-palacio-do-planalto\/","title":{"rendered":"Bolsonaro recebe Jo\u00e3o Azev\u00eado e governadores do Nordeste em reuni\u00e3o no Pal\u00e1cio do Planalto"},"content":{"rendered":"\n<p>O governador da Para\u00edba, Jo\u00e3o Azev\u00eado, e demais governadores do Nordeste se re\u00fanem nesta quinta-feira (09) com o presidente Jair Bolsonaro. O encontro est\u00e1 marcado para acontecer \u00e0s 15h no Pal\u00e1cio do Planalto, em Bras\u00edlia.<\/p>\n\n\n\n<p>De forma oficial, esta \u00e9 a primeira vez que o presidente recebe o grupo de governadores que representam os estados do Nordeste. A Reforma da Previd\u00eancia dever\u00e1 ser o tema principal da reuni\u00e3o, j\u00e1 que Bolsonaro busca respaldo e apoio de representantes pol\u00edticos.<\/p>\n\n\n\n<p>Os governadores tamb\u00e9m pretendem refor\u00e7ar as suas reivindica\u00e7\u00f5es, principalmente as referentes ao setor econ\u00f4mico.<\/p>\n\n\n\n<p>Al\u00e9m do presidente e dos governadores, tamb\u00e9m dever\u00e3o participar da reuni\u00e3o o ministro da Economia, Paulo Guedes, e representantes dos minist\u00e9rio da Agricultura, Pecu\u00e1ria e Abastecimento, de Minas e Energia, al\u00e9m do Ministro-Chefe da Secretaria de Governo da Presid\u00eancia da Rep\u00fablica, Andr\u00e9 Luiz de Almeida, e o Advogado-Geral da Uni\u00e3o, Belivaldo Chagas.<\/p>\n\n\n\n<p>Nesta quarta-feira (08), Jair Bolsonaro recebeu 21 governadores e quatro vice-governadores, incluindo L\u00edgia Feliciano, representando a Para\u00edba. Na oportunidade, eles fizeram v\u00e1rias cobran\u00e7as e levaram uma carta com seis pontos principais para serem apresentados ao presidente.<\/p>\n","protected":false},"excerpt":{"rendered":"<p>O governador da Para\u00edba, Jo\u00e3o Azev\u00eado, e demais governadores do Nordeste se re\u00fanem nesta quinta-feira (09) com o presidente Jair Bolsonaro. O encontro est\u00e1 marcado&hellip; <\/p>\n","protected":false},"author":1,"featured_media":94349,"comment_status":"closed","ping_status":"closed","sticky":false,"template":"","format":"standard","meta":{"sfsi_plus_gutenberg_text_before_share":"","sfsi_plus_gutenberg_show_text_before_share":"","sfsi_plus_gutenberg_icon_type":"","sfsi_plus_gutenberg_icon_alignemt":"","sfsi_plus_gutenburg_max_per_row":"","footnotes":""},"categories":[11],"tags":[],"class_list":["post-94348","post","type-post","status-publish","format-standard","has-post-thumbnail","hentry","category-politica"],"_links":{"self":[{"href":"https:\/\/www.caririemacao.com\/1\/wp-json\/wp\/v2\/posts\/94348","targetHints":{"allow":["GET"]}}],"collection":[{"href":"https:\/\/www.caririemacao.com\/1\/wp-json\/wp\/v2\/posts"}],"about":[{"href":"https:\/\/www.caririemacao.com\/1\/wp-json\/wp\/v2\/types\/post"}],"author":[{"embeddable":true,"href":"https:\/\/www.caririemacao.com\/1\/wp-json\/wp\/v2\/users\/1"}],"replies":[{"embeddable":true,"href":"https:\/\/www.caririemacao.com\/1\/wp-json\/wp\/v2\/comments?post=94348"}],"version-history":[{"count":1,"href":"https:\/\/www.caririemacao.com\/1\/wp-json\/wp\/v2\/posts\/94348\/revisions"}],"predecessor-version":[{"id":94350,"href":"https:\/\/www.caririemacao.com\/1\/wp-json\/wp\/v2\/posts\/94348\/revisions\/94350"}],"wp:featuredmedia":[{"embeddable":true,"href":"https:\/\/www.caririemacao.com\/1\/wp-json\/wp\/v2\/media\/94349"}],"wp:attachment":[{"href":"https:\/\/www.caririemacao.com\/1\/wp-json\/wp\/v2\/media?parent=94348"}],"wp:term":[{"taxonomy":"category","embeddable":true,"href":"https:\/\/www.caririemacao.com\/1\/wp-json\/wp\/v2\/categories?post=94348"},{"taxonomy":"post_tag","embeddable":true,"href":"https:\/\/www.caririemacao.com\/1\/wp-json\/wp\/v2\/tags?post=94348"}],"curies":[{"name":"wp","href":"https:\/\/api.w.org\/{rel}","templated":true}]}}