{"id":94352,"date":"2019-05-09T11:44:17","date_gmt":"2019-05-09T14:44:17","guid":{"rendered":"http:\/\/www.caririemacao.com\/1\/?p=94352"},"modified":"2019-05-09T11:44:17","modified_gmt":"2019-05-09T14:44:17","slug":"em-nova-derrota-de-moro-comissao-do-congresso-tira-coaf-do-ministerio-da-justica","status":"publish","type":"post","link":"https:\/\/www.caririemacao.com\/1\/2019\/05\/09\/em-nova-derrota-de-moro-comissao-do-congresso-tira-coaf-do-ministerio-da-justica\/","title":{"rendered":"Em nova derrota de Moro, comiss\u00e3o do Congresso tira Coaf do Minist\u00e9rio da Justi\u00e7a"},"content":{"rendered":"\n<p>Em derrota do governo e, principalmente, do ministro Sergio Moro, a comiss\u00e3o do Congresso que analisa a medida provis\u00f3ria da reforma administrativa decidiu nesta quinta-feira (9) tirar o Coaf (Conselho de Controle de Atividades Financeiras) da pasta da Justi\u00e7a, transferindo-a para o Minist\u00e9rio da Economia.<\/p>\n\n\n\n<p>Apesar do discurso do governo de que a perman\u00eancia do \u00f3rg\u00e3o na Justi\u00e7a era fundamental para o combate \u00e0 corrup\u00e7\u00e3o, venceu a press\u00e3o de integrantes do centr\u00e3o e da oposi\u00e7\u00e3o.<\/p>\n\n\n\n<p>Depois de tr\u00eas dias de sess\u00e3o, a vota\u00e7\u00e3o foi nominal: foram 14 votos a favor da mudan\u00e7a e 11 contra. O governo esperava manter o conselho com Moro com ao menos 15 votos na comiss\u00e3o.<\/p>\n\n\n\n<p>Criado em 1998, o Coaf \u00e9 um \u00f3rg\u00e3o de intelig\u00eancia financeira que investiga opera\u00e7\u00f5es suspeitas.&nbsp;<\/p>\n\n\n\n<p>O Coaf recebe informa\u00e7\u00f5es de setores que s\u00e3o obrigados por lei a informar transa\u00e7\u00f5es suspeitas de lavagem de dinheiro, como bancos e corretoras. O conselho analisa amostras desses informes e, se detectar suspeita de crime, encaminha o caso para o Minist\u00e9rio P\u00fablico.<\/p>\n\n\n\n<p>Durante a crise do Mensal\u00e3o, of\u00edcios do Coaf entregues \u00e0 CPI dos Correios indicaram, por exemplo, grande volume de saques em esp\u00e9cie por parte da SMPB, empresa de Marcos Val\u00e9rio, o operador que abasteceu o esquema de pagamentos a pol\u00edticos da base do governo petista.&nbsp;<\/p>\n\n\n\n<p>Mais recentemente, o Coaf identificou movimenta\u00e7\u00f5es at\u00edpicas de Fabr\u00edcio Queiroz, ex-assessor do senador Fl\u00e1vio Bolsonaro (PSL-RJ). De acordo com o \u00f3rg\u00e3o, Queiroz movimentou R$ 1,2 milh\u00e3o de janeiro de 2016 ao mesmo m\u00eas de 2017 -entraram em sua conta R$ 605 mil e sa\u00edram cerca de R$ 600 mil. A quantia foi considerada incompat\u00edvel com o patrim\u00f4nio do ex-assessor de Fl\u00e1vio Bolsonaro.&nbsp;<\/p>\n\n\n\n<p>Prazo da MP Na comiss\u00e3o mista do Congresso, ainda \u00e9 preciso que se vote outros pontos. Foram apresentadas 31 propostas de altera\u00e7\u00f5es no relat\u00f3rio do l\u00edder do governo no Senado, Fernando Bezerra Coelho (MDB-PE).<\/p>\n\n\n\n<p>Para que a MP n\u00e3o perca a validade e a reestrutura\u00e7\u00e3o da Esplanada dos Minist\u00e9rios promovida pelo presidente Jair Bolsonaro no primeiro dia do ano seja desfeita, a medida provis\u00f3ria precisa ser votada tamb\u00e9m nos plen\u00e1rios da C\u00e2mara e do Senado at\u00e9 3 de junho -ou seja, a mudan\u00e7a do Coaf para a pasta da Economia ainda pode ser alterada pelos plen\u00e1rios das Casas.<\/p>\n\n\n\n<p>&#8220;Somos favor\u00e1veis que o Coaf permane\u00e7a no Minist\u00e9rio da Justi\u00e7a porque faz controle das atividades financeiras e \u00e9 instrumento important\u00edssimo no combate \u00e0 corrup\u00e7\u00e3o&#8221;, disse o l\u00edder do Novo na C\u00e2mara, Marcel Van Hattem (RS).<\/p>\n\n\n\n<p>Parlamentares contr\u00e1rios \u00e0 perman\u00eancia do \u00f3rg\u00e3o na Justi\u00e7a argumentaram que manter o Coaf nas m\u00e3os de Moro poderia provocar uma superconcentra\u00e7\u00e3o de poderes com o ex-juiz.<\/p>\n\n\n\n<p>&#8220;Ele [Moro] conseguiu esta semana mudar uns dez votos. A mim ele n\u00e3o convenceu. Ele n\u00e3o me convenceu, como pol\u00edtica de Estado, o que justificaria o Coaf ficar no Minist\u00e9rio da Justi\u00e7a. Ele [o Coaf] funcionou muito bem at\u00e9 dezembro. De janeiro para c\u00e1, ele n\u00e3o funciona&#8221;, disse o l\u00edder do DEM na C\u00e2mara, Elmar Nascimento (DEM-BA).<\/p>\n\n\n\n<p>O centr\u00e3o \u00e9 formado por partidos que, apesar do discurso geral de apoio ao governo Bolsonaro, n\u00e3o t\u00eam se alinhado automaticamente ao presidente. S\u00e3o associados por bolsonaristas como a &#8220;velha pol\u00edtica&#8221;.<\/p>\n\n\n\n<p>Inclui parlamentares do DEM, PP, PSD, PR, PTB, PRB, Pros, Podemos,&nbsp;Solidariedade, entre outras siglas menores -na C\u00e2mara, somam cerca de 200 dos 513 deputados federais.<\/p>\n\n\n\n<p>Parte do grupo n\u00e3o quis atender ao pleito de Moro para a manuten\u00e7\u00e3o do Coaf no Minist\u00e9rio da Justi\u00e7a, transferindo-o para o Minist\u00e9rio da Economia.<\/p>\n\n\n\n<p><strong>RECUOS E DERROTAS DO SUPERMINISTRO<\/strong><\/p>\n\n\n\n<p>Moro topou largar a carreira de juiz federal, que lhe deu fama de her\u00f3i pela condu\u00e7\u00e3o da Lava Jato, para virar ministro da Justi\u00e7a. Disse ter aceitado o convite de Bolsonaro, entre outras coisas, por estar &#8220;cansado de tomar bola nas costas&#8221;. Tomou posse com o discurso de que teria total autonomia e com status de superministro<\/p>\n\n\n\n<p><strong>DECRETO DAS ARMAS<\/strong><\/p>\n\n\n\n<p>Seu primeiro rev\u00e9s foi ainda em janeiro. O ministro tentou se desvincular da autoria da ideia de flexibilizar a posse de armas, dizendo nos bastidores estar apenas cumprindo ordens do presidente. Teve sua sugest\u00e3o ignorada de limitar o registro por pessoa a duas armas -o decreto fixou o n\u00famero em quatro<\/p>\n\n\n\n<p><strong>LARANJAS<\/strong><\/p>\n\n\n\n<p>No caso do esc\u00e2ndalo de candidaturas de laranjas, enquanto Moro deu declara\u00e7\u00f5es evasivas, dizendo que a PF iria investigar se &#8220;houvesse necessidade&#8221; e que n\u00e3o sabia se havia consist\u00eancia nas den\u00fancias, Bolsonaro determinou dias depois, de forma enf\u00e1tica, a abertura de investiga\u00e7\u00f5es para apurar o esquema<\/p>\n\n\n\n<p><strong>CAIXA DOIS<\/strong><\/p>\n\n\n\n<p>Por ordem do Pal\u00e1cio do Planalto, a proposta de criminaliza\u00e7\u00e3o do caixa dois, elaborada pelo ministro da Justi\u00e7a, vai tramitar separadamente do restante do projeto anticrime<\/p>\n\n\n\n<p><strong>ILONA SZAB\u00d3<\/strong><\/p>\n\n\n\n<p>Moro teve de demitir a especialista em seguran\u00e7a p\u00fablica por determina\u00e7\u00e3o do presidente, ap\u00f3s repercuss\u00e3o negativa da nomea\u00e7\u00e3o. Ilona Szab\u00f3 j\u00e1 se disse contr\u00e1ria ao afrouxamento das regras de acesso a armas e criticou a ideia de amplia\u00e7\u00e3o do direito \u00e0 leg\u00edtima defesa que est\u00e1 no projeto do ministro<\/p>\n\n\n\n<p><strong>FRACASSOS NA ESPLANADA<\/strong><\/p>\n\n\n\n<p>Outros ministros tamb\u00e9m tiveram derrotas e tiveram que anunciar recuos publicamente. Gustavo Bebianno, ex-Secretaria-Geral da Presid\u00eancia, e Paulo Guedes, da Economia<\/p>\n","protected":false},"excerpt":{"rendered":"<p>Em derrota do governo e, principalmente, do ministro Sergio Moro, a comiss\u00e3o do Congresso que analisa a medida provis\u00f3ria da reforma administrativa decidiu nesta quinta-feira&hellip; <\/p>\n","protected":false},"author":1,"featured_media":94353,"comment_status":"closed","ping_status":"closed","sticky":false,"template":"","format":"standard","meta":{"sfsi_plus_gutenberg_text_before_share":"","sfsi_plus_gutenberg_show_text_before_share":"","sfsi_plus_gutenberg_icon_type":"","sfsi_plus_gutenberg_icon_alignemt":"","sfsi_plus_gutenburg_max_per_row":"","footnotes":""},"categories":[11],"tags":[],"class_list":["post-94352","post","type-post","status-publish","format-standard","has-post-thumbnail","hentry","category-politica"],"_links":{"self":[{"href":"https:\/\/www.caririemacao.com\/1\/wp-json\/wp\/v2\/posts\/94352","targetHints":{"allow":["GET"]}}],"collection":[{"href":"https:\/\/www.caririemacao.com\/1\/wp-json\/wp\/v2\/posts"}],"about":[{"href":"https:\/\/www.caririemacao.com\/1\/wp-json\/wp\/v2\/types\/post"}],"author":[{"embeddable":true,"href":"https:\/\/www.caririemacao.com\/1\/wp-json\/wp\/v2\/users\/1"}],"replies":[{"embeddable":true,"href":"https:\/\/www.caririemacao.com\/1\/wp-json\/wp\/v2\/comments?post=94352"}],"version-history":[{"count":1,"href":"https:\/\/www.caririemacao.com\/1\/wp-json\/wp\/v2\/posts\/94352\/revisions"}],"predecessor-version":[{"id":94354,"href":"https:\/\/www.caririemacao.com\/1\/wp-json\/wp\/v2\/posts\/94352\/revisions\/94354"}],"wp:featuredmedia":[{"embeddable":true,"href":"https:\/\/www.caririemacao.com\/1\/wp-json\/wp\/v2\/media\/94353"}],"wp:attachment":[{"href":"https:\/\/www.caririemacao.com\/1\/wp-json\/wp\/v2\/media?parent=94352"}],"wp:term":[{"taxonomy":"category","embeddable":true,"href":"https:\/\/www.caririemacao.com\/1\/wp-json\/wp\/v2\/categories?post=94352"},{"taxonomy":"post_tag","embeddable":true,"href":"https:\/\/www.caririemacao.com\/1\/wp-json\/wp\/v2\/tags?post=94352"}],"curies":[{"name":"wp","href":"https:\/\/api.w.org\/{rel}","templated":true}]}}