{"id":94357,"date":"2019-05-09T11:46:42","date_gmt":"2019-05-09T14:46:42","guid":{"rendered":"http:\/\/www.caririemacao.com\/1\/?p=94357"},"modified":"2019-05-09T11:46:42","modified_gmt":"2019-05-09T14:46:42","slug":"decreto-institui-bolsas-de-ate-r-500-para-estagio-ou-iniciacao-a-pratica-profissional-na-pb","status":"publish","type":"post","link":"https:\/\/www.caririemacao.com\/1\/2019\/05\/09\/decreto-institui-bolsas-de-ate-r-500-para-estagio-ou-iniciacao-a-pratica-profissional-na-pb\/","title":{"rendered":"Decreto institui bolsas de at\u00e9 R$ 500 para est\u00e1gio ou inicia\u00e7\u00e3o \u00e0 pr\u00e1tica profissional na PB"},"content":{"rendered":"\n<p>O governador Jo\u00e3o Azev\u00eado (PSB)&nbsp;publicou decreto nesta quinta-feira (09) no Di\u00e1rio Oficial do Estado instituindo as bolsas no \u00e2mbito do Programa Primeira Chance, do Governo do Estado.&nbsp;Os valores das bolsas concedidas aos benefici\u00e1rios do Programa&nbsp;s\u00e3o de&nbsp;R$ 500,00 e&nbsp;R$ 300,00.&nbsp;<\/p>\n\n\n\n<p>De acordo com o decreto, o valor de R$ 500,00 s\u00e3o&nbsp;para os bolsistas que atuarem em setores espec\u00edficos&nbsp;e de interesse formativo dentro do contexto do desenvolvimento da educa\u00e7\u00e3o profissional; J\u00e1 o valor de&nbsp;R$ 300,00 ser\u00e1&nbsp;para os bolsistas que atuarem na inicia\u00e7\u00e3o \u00e0 pr\u00e1tica&nbsp;profissional ou em monitoria junto \u00e0s institui\u00e7\u00f5es educacionais, inclusive na pr\u00f3pria Rede Estadual de&nbsp;Educa\u00e7\u00e3o.<\/p>\n\n\n\n<figure class=\"wp-block-image\"><img decoding=\"async\" data-src=\"https:\/\/www.clickpb.com.br\/media\/filer_public\/ec\/51\/ec515a0d-9a8f-44ca-8989-789c159218d4\/bolsa.jpg\" alt=\"\" src=\"data:image\/svg+xml;base64,PHN2ZyB3aWR0aD0iMSIgaGVpZ2h0PSIxIiB4bWxucz0iaHR0cDovL3d3dy53My5vcmcvMjAwMC9zdmciPjwvc3ZnPg==\" class=\"lazyload\" \/><\/figure>\n\n\n\n<p>O decreto n\u00ba 39.159 de 08 de maio de 2019 passa avigorar hoje (09). A medida segue o&nbsp;disposto no par\u00e1grafo \u00fanico do&nbsp;art. 11 da Medida Provis\u00f3ria n\u00ba 282, de 10 de abril de 2019, que instituiu o Programa Primeira Chance. Na,&nbsp;Medida Provis\u00f3ria, a Secretaria de Estado da Educa\u00e7\u00e3o e da Ci\u00eancia e Tecnologia autorizou a concess\u00e3o de&nbsp;bolsas de est\u00e1gio ou de inicia\u00e7\u00e3o \u00e0 pr\u00e1tica profissional no \u00e2mbito do&nbsp;Programa.<\/p>\n\n\n\n<p><a href=\"https:\/\/www.clickpb.com.br\/media\/filer_public\/96\/58\/96582b69-58dd-4d71-b618-ed0a7a158599\/diario-oficial-16-04-2019.pdf\">Confira a Medida Provis\u00f3ria que cria o Programa Primeira Chance.&nbsp;<\/a><\/p>\n","protected":false},"excerpt":{"rendered":"<p>O governador Jo\u00e3o Azev\u00eado (PSB)&nbsp;publicou decreto nesta quinta-feira (09) no Di\u00e1rio Oficial do Estado instituindo as bolsas no \u00e2mbito do Programa Primeira Chance, do Governo&hellip; <\/p>\n","protected":false},"author":1,"featured_media":86597,"comment_status":"closed","ping_status":"closed","sticky":false,"template":"","format":"standard","meta":{"sfsi_plus_gutenberg_text_before_share":"","sfsi_plus_gutenberg_show_text_before_share":"","sfsi_plus_gutenberg_icon_type":"","sfsi_plus_gutenberg_icon_alignemt":"","sfsi_plus_gutenburg_max_per_row":"","footnotes":""},"categories":[50,11],"tags":[],"class_list":["post-94357","post","type-post","status-publish","format-standard","has-post-thumbnail","hentry","category-destaque","category-politica"],"_links":{"self":[{"href":"https:\/\/www.caririemacao.com\/1\/wp-json\/wp\/v2\/posts\/94357","targetHints":{"allow":["GET"]}}],"collection":[{"href":"https:\/\/www.caririemacao.com\/1\/wp-json\/wp\/v2\/posts"}],"about":[{"href":"https:\/\/www.caririemacao.com\/1\/wp-json\/wp\/v2\/types\/post"}],"author":[{"embeddable":true,"href":"https:\/\/www.caririemacao.com\/1\/wp-json\/wp\/v2\/users\/1"}],"replies":[{"embeddable":true,"href":"https:\/\/www.caririemacao.com\/1\/wp-json\/wp\/v2\/comments?post=94357"}],"version-history":[{"count":1,"href":"https:\/\/www.caririemacao.com\/1\/wp-json\/wp\/v2\/posts\/94357\/revisions"}],"predecessor-version":[{"id":94358,"href":"https:\/\/www.caririemacao.com\/1\/wp-json\/wp\/v2\/posts\/94357\/revisions\/94358"}],"wp:featuredmedia":[{"embeddable":true,"href":"https:\/\/www.caririemacao.com\/1\/wp-json\/wp\/v2\/media\/86597"}],"wp:attachment":[{"href":"https:\/\/www.caririemacao.com\/1\/wp-json\/wp\/v2\/media?parent=94357"}],"wp:term":[{"taxonomy":"category","embeddable":true,"href":"https:\/\/www.caririemacao.com\/1\/wp-json\/wp\/v2\/categories?post=94357"},{"taxonomy":"post_tag","embeddable":true,"href":"https:\/\/www.caririemacao.com\/1\/wp-json\/wp\/v2\/tags?post=94357"}],"curies":[{"name":"wp","href":"https:\/\/api.w.org\/{rel}","templated":true}]}}