{"id":94366,"date":"2019-05-09T11:50:09","date_gmt":"2019-05-09T14:50:09","guid":{"rendered":"http:\/\/www.caririemacao.com\/1\/?p=94366"},"modified":"2019-05-09T11:50:09","modified_gmt":"2019-05-09T14:50:09","slug":"rio-paraiba-amanhece-com-cheia-e-aguas-seguem-para-o-acude-de-boqueirao","status":"publish","type":"post","link":"https:\/\/www.caririemacao.com\/1\/2019\/05\/09\/rio-paraiba-amanhece-com-cheia-e-aguas-seguem-para-o-acude-de-boqueirao\/","title":{"rendered":"Rio Para\u00edba amanhece com cheia e \u00e1guas seguem para o A\u00e7ude de Boqueir\u00e3o"},"content":{"rendered":"\n<p>Os caririzeiros amanheceram com uma boa not\u00edcia nesta quinta-feira(09), dia 09 de maio. Ap\u00f3s as chuvas ca\u00eddas em parte da regi\u00e3o do Cariri nesta \u00faltima quarta-feira, o Rio Para\u00edba registrou uma grande cheia em seu manancial, transcorrendo em grande volume na regi\u00e3o, principalmente pelas cidades de Cara\u00fabas e S\u00e3o Domingos do Cariri.<\/p>\n\n\n\n<p>As \u00e1guas seguem em dire\u00e7\u00e3o ao a\u00e7ude Epit\u00e1cio Pessoa, em Boqueir\u00e3o, que nos \u00faltimos dias, tinha registrado uma perda no volume de \u00e1gua.<\/p>\n\n\n\n<p>De acordo com a Aesa, atualmente o reservat\u00f3rio possui 106,36 milh\u00f5es de metros c\u00fabicos de \u00e1gua. A marca corresponde a apenas 25,84% da capacidade m\u00e1xima, que \u00e9 de 411,6 milh\u00f5es de metros c\u00fabicos de \u00e1gua.<\/p>\n\n\n\n<p><strong>De Olho no Cariri<\/strong><\/p>\n","protected":false},"excerpt":{"rendered":"<p>Os caririzeiros amanheceram com uma boa not\u00edcia nesta quinta-feira(09), dia 09 de maio. Ap\u00f3s as chuvas ca\u00eddas em parte da regi\u00e3o do Cariri nesta \u00faltima&hellip; <\/p>\n","protected":false},"author":1,"featured_media":94367,"comment_status":"closed","ping_status":"closed","sticky":false,"template":"","format":"standard","meta":{"sfsi_plus_gutenberg_text_before_share":"","sfsi_plus_gutenberg_show_text_before_share":"","sfsi_plus_gutenberg_icon_type":"","sfsi_plus_gutenberg_icon_alignemt":"","sfsi_plus_gutenburg_max_per_row":"","footnotes":""},"categories":[2],"tags":[],"class_list":["post-94366","post","type-post","status-publish","format-standard","has-post-thumbnail","hentry","category-geral"],"_links":{"self":[{"href":"https:\/\/www.caririemacao.com\/1\/wp-json\/wp\/v2\/posts\/94366","targetHints":{"allow":["GET"]}}],"collection":[{"href":"https:\/\/www.caririemacao.com\/1\/wp-json\/wp\/v2\/posts"}],"about":[{"href":"https:\/\/www.caririemacao.com\/1\/wp-json\/wp\/v2\/types\/post"}],"author":[{"embeddable":true,"href":"https:\/\/www.caririemacao.com\/1\/wp-json\/wp\/v2\/users\/1"}],"replies":[{"embeddable":true,"href":"https:\/\/www.caririemacao.com\/1\/wp-json\/wp\/v2\/comments?post=94366"}],"version-history":[{"count":1,"href":"https:\/\/www.caririemacao.com\/1\/wp-json\/wp\/v2\/posts\/94366\/revisions"}],"predecessor-version":[{"id":94368,"href":"https:\/\/www.caririemacao.com\/1\/wp-json\/wp\/v2\/posts\/94366\/revisions\/94368"}],"wp:featuredmedia":[{"embeddable":true,"href":"https:\/\/www.caririemacao.com\/1\/wp-json\/wp\/v2\/media\/94367"}],"wp:attachment":[{"href":"https:\/\/www.caririemacao.com\/1\/wp-json\/wp\/v2\/media?parent=94366"}],"wp:term":[{"taxonomy":"category","embeddable":true,"href":"https:\/\/www.caririemacao.com\/1\/wp-json\/wp\/v2\/categories?post=94366"},{"taxonomy":"post_tag","embeddable":true,"href":"https:\/\/www.caririemacao.com\/1\/wp-json\/wp\/v2\/tags?post=94366"}],"curies":[{"name":"wp","href":"https:\/\/api.w.org\/{rel}","templated":true}]}}