{"id":94373,"date":"2019-05-09T11:52:05","date_gmt":"2019-05-09T14:52:05","guid":{"rendered":"http:\/\/www.caririemacao.com\/1\/?p=94373"},"modified":"2019-05-09T11:52:05","modified_gmt":"2019-05-09T14:52:05","slug":"sao-jose-dos-cordeiros-promove-a-partir-desta-quinta-sua-6a-edicao-do-festival-cabra-na-praca","status":"publish","type":"post","link":"https:\/\/www.caririemacao.com\/1\/2019\/05\/09\/sao-jose-dos-cordeiros-promove-a-partir-desta-quinta-sua-6a-edicao-do-festival-cabra-na-praca\/","title":{"rendered":"S\u00e3o Jos\u00e9 dos Cordeiros promove a partir desta quinta sua 6\u00aa edi\u00e7\u00e3o do Festival Cabra na Pra\u00e7a"},"content":{"rendered":"\n<p>Evento promovido pela pr\u00f3pria Associa\u00e7\u00e3o dos Criadores de Caprinos e Ovinos com total apoio da Prefeitura de S\u00e3o Jos\u00e9 dos Cordeiros, o Festival Cabra na Pra\u00e7a movimenta a cidade e promove envolvimento dos criadores cordeirenses a partir desta quinta-feira (09).<\/p>\n\n\n\n<p>O festival se estende at\u00e9 o pr\u00f3ximo s\u00e1bado (11) e contar\u00e1 com torneio leiteiro, mostra de talentos, forr\u00f3 na pra\u00e7a e pista de julgamentos. O VI Festival Cabra na Pra\u00e7a de S\u00e3o Jos\u00e9 dos Cordeiros contar\u00e1 com 12 mil reais em pr\u00eamios e foi criado com a finalidade de incentivar a caprinovinocultura do munic\u00edpio, como ainda promover um momento de confraterniza\u00e7\u00e3o entre os produtores.<\/p>\n\n\n\n<p>Nesta sexta-feira (10), o festival contar\u00e1 com seu tradicional Forr\u00f3 na Pra\u00e7a com a anima\u00e7\u00e3o de Nascimento Filho e Tiago dos Teclados. O evento \u00e9 totalmente gratuito.<\/p>\n\n\n\n<p><strong>De Olho no Cariri<\/strong><\/p>\n","protected":false},"excerpt":{"rendered":"<p>Evento promovido pela pr\u00f3pria Associa\u00e7\u00e3o dos Criadores de Caprinos e Ovinos com total apoio da Prefeitura de S\u00e3o Jos\u00e9 dos Cordeiros, o Festival Cabra na&hellip; <\/p>\n","protected":false},"author":1,"featured_media":94374,"comment_status":"closed","ping_status":"closed","sticky":false,"template":"","format":"standard","meta":{"sfsi_plus_gutenberg_text_before_share":"","sfsi_plus_gutenberg_show_text_before_share":"","sfsi_plus_gutenberg_icon_type":"","sfsi_plus_gutenberg_icon_alignemt":"","sfsi_plus_gutenburg_max_per_row":"","footnotes":""},"categories":[2],"tags":[],"class_list":["post-94373","post","type-post","status-publish","format-standard","has-post-thumbnail","hentry","category-geral"],"_links":{"self":[{"href":"https:\/\/www.caririemacao.com\/1\/wp-json\/wp\/v2\/posts\/94373","targetHints":{"allow":["GET"]}}],"collection":[{"href":"https:\/\/www.caririemacao.com\/1\/wp-json\/wp\/v2\/posts"}],"about":[{"href":"https:\/\/www.caririemacao.com\/1\/wp-json\/wp\/v2\/types\/post"}],"author":[{"embeddable":true,"href":"https:\/\/www.caririemacao.com\/1\/wp-json\/wp\/v2\/users\/1"}],"replies":[{"embeddable":true,"href":"https:\/\/www.caririemacao.com\/1\/wp-json\/wp\/v2\/comments?post=94373"}],"version-history":[{"count":1,"href":"https:\/\/www.caririemacao.com\/1\/wp-json\/wp\/v2\/posts\/94373\/revisions"}],"predecessor-version":[{"id":94375,"href":"https:\/\/www.caririemacao.com\/1\/wp-json\/wp\/v2\/posts\/94373\/revisions\/94375"}],"wp:featuredmedia":[{"embeddable":true,"href":"https:\/\/www.caririemacao.com\/1\/wp-json\/wp\/v2\/media\/94374"}],"wp:attachment":[{"href":"https:\/\/www.caririemacao.com\/1\/wp-json\/wp\/v2\/media?parent=94373"}],"wp:term":[{"taxonomy":"category","embeddable":true,"href":"https:\/\/www.caririemacao.com\/1\/wp-json\/wp\/v2\/categories?post=94373"},{"taxonomy":"post_tag","embeddable":true,"href":"https:\/\/www.caririemacao.com\/1\/wp-json\/wp\/v2\/tags?post=94373"}],"curies":[{"name":"wp","href":"https:\/\/api.w.org\/{rel}","templated":true}]}}