{"id":94377,"date":"2019-05-09T11:53:17","date_gmt":"2019-05-09T14:53:17","guid":{"rendered":"http:\/\/www.caririemacao.com\/1\/?p=94377"},"modified":"2019-05-09T11:53:17","modified_gmt":"2019-05-09T14:53:17","slug":"papa-francisco-cria-lei-que-obriga-bispos-a-denunciarem-casos-de-abuso-sexual","status":"publish","type":"post","link":"https:\/\/www.caririemacao.com\/1\/2019\/05\/09\/papa-francisco-cria-lei-que-obriga-bispos-a-denunciarem-casos-de-abuso-sexual\/","title":{"rendered":"Papa Francisco cria lei que obriga bispos a denunciarem casos de abuso sexual"},"content":{"rendered":"\n<p>O&nbsp;papa Francisco&nbsp;introduziu, nesta quinta-feira, um decreto que obriga os bispos a denunciarem todas as suspeitas de casos de&nbsp;abuso sexual dentro da&nbsp;Igreja Cat\u00f3lica&nbsp;. A decis\u00e3o tamb\u00e9m incentiva fi\u00e9is a se queixarem diretamente ao Vaticano para responsabilizar eventuais tentativas de viola\u00e7\u00e3o ou acobertamento por parte do clero.<\/p>\n\n\n\n<p>O decreto papal \u201cVos estis lux mundi\u201d (V\u00f3s sois a luz do mundo), que trata do abuso de crian\u00e7as e adultos, tamb\u00e9m obriga todas as dioceses cat\u00f3licas do planeta a criar sistemas de notifica\u00e7\u00e3o simples e acess\u00edveis, al\u00e9m de incentivar as igrejas locais a envolver especialistas leigos (n\u00e3o religiosos) no processo de investiga\u00e7\u00e3o dos casos.<\/p>\n\n\n\n<p>Em um momento em que a Igreja Cat\u00f3lica enfrenta diversas den\u00fancias de abuso sexual em v\u00e1rios pa\u00edses, inclusive no Brasil, o Papa diz no decreto que \u201cpara que estes fen\u00f4menos, em todas as suas formas, n\u00e3o aconte\u00e7am mais, \u00e9 necess\u00e1ria uma convers\u00e3o cont\u00ednua e profunda dos cora\u00e7\u00f5es, atestada por a\u00e7\u00f5es concretas e eficazes que envolvam a todos na Igreja\u201d.<\/p>\n\n\n\n<p>O documento estabelece que n\u00e3o somente os abusos e as viol\u00eancias contra menores e adultos vulner\u00e1veis sejam combatidas, mas tamb\u00e9m comportamentos gerados pelo excesso de autoridade dos sacerdotes. Al\u00e9m disso, o texto determina que, a partir de agora, bispos com conflitos de interesse devem se manter ausentes das investiga\u00e7\u00f5es.<\/p>\n\n\n\n<h2 class=\"wp-block-heading\"><strong>Den\u00fancias de abuso em S\u00e3o Paulo<\/strong><\/h2>\n\n\n\n<p>Em fevereiro, o Vaticano designou um bispo \u2013 Dom Jo\u00e3o In\u00e1cio Muller \u2013&nbsp; para investigar esc\u00e2ndalos de corrup\u00e7\u00e3o na Diocese de Limeira, no interior paulista. O protagonista do esc\u00e2ndalo \u00e9 o bispo Dom Vilson Dias de Oliveira, da Diocese de Limeira, acusado de extors\u00e3o e coa\u00e7\u00e3o de padres de diversas par\u00f3quias da regi\u00e3o. Dom Vilson Dias de Oliveira tamb\u00e9m \u00e9 acusado de acobertar den\u00fancias de pedofilia contra o padre Pedro Leandro Ricardo, afastado da fun\u00e7\u00e3o eclesi\u00e1stica de reitor da bas\u00edlica de Americana em janeiro. Bispo e padre negam as acusa\u00e7\u00f5es.<\/p>\n\n\n\n<p><em>Com O Globo<\/em><\/p>\n","protected":false},"excerpt":{"rendered":"<p>O&nbsp;papa Francisco&nbsp;introduziu, nesta quinta-feira, um decreto que obriga os bispos a denunciarem todas as suspeitas de casos de&nbsp;abuso sexual dentro da&nbsp;Igreja Cat\u00f3lica&nbsp;. A decis\u00e3o tamb\u00e9m&hellip; <\/p>\n","protected":false},"author":1,"featured_media":94378,"comment_status":"closed","ping_status":"closed","sticky":false,"template":"","format":"standard","meta":{"sfsi_plus_gutenberg_text_before_share":"","sfsi_plus_gutenberg_show_text_before_share":"","sfsi_plus_gutenberg_icon_type":"","sfsi_plus_gutenberg_icon_alignemt":"","sfsi_plus_gutenburg_max_per_row":"","footnotes":""},"categories":[2],"tags":[],"class_list":["post-94377","post","type-post","status-publish","format-standard","has-post-thumbnail","hentry","category-geral"],"_links":{"self":[{"href":"https:\/\/www.caririemacao.com\/1\/wp-json\/wp\/v2\/posts\/94377","targetHints":{"allow":["GET"]}}],"collection":[{"href":"https:\/\/www.caririemacao.com\/1\/wp-json\/wp\/v2\/posts"}],"about":[{"href":"https:\/\/www.caririemacao.com\/1\/wp-json\/wp\/v2\/types\/post"}],"author":[{"embeddable":true,"href":"https:\/\/www.caririemacao.com\/1\/wp-json\/wp\/v2\/users\/1"}],"replies":[{"embeddable":true,"href":"https:\/\/www.caririemacao.com\/1\/wp-json\/wp\/v2\/comments?post=94377"}],"version-history":[{"count":1,"href":"https:\/\/www.caririemacao.com\/1\/wp-json\/wp\/v2\/posts\/94377\/revisions"}],"predecessor-version":[{"id":94379,"href":"https:\/\/www.caririemacao.com\/1\/wp-json\/wp\/v2\/posts\/94377\/revisions\/94379"}],"wp:featuredmedia":[{"embeddable":true,"href":"https:\/\/www.caririemacao.com\/1\/wp-json\/wp\/v2\/media\/94378"}],"wp:attachment":[{"href":"https:\/\/www.caririemacao.com\/1\/wp-json\/wp\/v2\/media?parent=94377"}],"wp:term":[{"taxonomy":"category","embeddable":true,"href":"https:\/\/www.caririemacao.com\/1\/wp-json\/wp\/v2\/categories?post=94377"},{"taxonomy":"post_tag","embeddable":true,"href":"https:\/\/www.caririemacao.com\/1\/wp-json\/wp\/v2\/tags?post=94377"}],"curies":[{"name":"wp","href":"https:\/\/api.w.org\/{rel}","templated":true}]}}