{"id":94388,"date":"2019-05-09T11:57:25","date_gmt":"2019-05-09T14:57:25","guid":{"rendered":"http:\/\/www.caririemacao.com\/1\/?p=94388"},"modified":"2019-05-09T11:57:25","modified_gmt":"2019-05-09T14:57:25","slug":"cras-de-monteiro-sedia-a-i-conferencia-municipal-do-idoso-no-servico-de-convivencia","status":"publish","type":"post","link":"https:\/\/www.caririemacao.com\/1\/2019\/05\/09\/cras-de-monteiro-sedia-a-i-conferencia-municipal-do-idoso-no-servico-de-convivencia\/","title":{"rendered":"CRAS de Monteiro sedia a I Confer\u00eancia Municipal do Idoso no Servi\u00e7o de Conviv\u00eancia"},"content":{"rendered":"\n<div class=\"wp-block-image\"><figure class=\"alignleft\"><img decoding=\"async\" data-src=\"https:\/\/i0.wp.com\/www.vitrinedocariri.com.br\/wp-content\/uploads\/2019\/05\/Conferencia-Municipal-do-Ido-1-300x199.jpeg\" alt=\"\" class=\"wp-image-42998 lazyload\" src=\"data:image\/svg+xml;base64,PHN2ZyB3aWR0aD0iMSIgaGVpZ2h0PSIxIiB4bWxucz0iaHR0cDovL3d3dy53My5vcmcvMjAwMC9zdmciPjwvc3ZnPg==\" style=\"--smush-placeholder-width: 300px; --smush-placeholder-aspect-ratio: 300\/199;\" \/><\/figure><\/div>\n\n\n\n<p>Em um clima bastante animado, os idosos do Servi\u00e7o de Conviv\u00eancia e Fortalecimento de V\u00ednculos \u2013 SCFV participaram da I Confer\u00eancia Municipal do Idoso, realizada pela Secretaria de Desenvolvimento Social com as equipes do CREAS e CRAS.<\/p>\n\n\n\n<p>Na oportunidade os monteirenses da melhor idade atendidos pelos programas sociais do poder municipal tiveram a oportunidade de obter informa\u00e7\u00f5es com diversos profissionais a respeito de assuntos pertinentes como diretos dos idosos.<\/p>\n\n\n\n<div class=\"wp-block-image\"><figure class=\"alignleft\"><img decoding=\"async\" data-src=\"https:\/\/i3.wp.com\/www.vitrinedocariri.com.br\/wp-content\/uploads\/2019\/05\/Conferencia-Municipal-do-Ido-3-300x199.jpeg\" alt=\"\" class=\"wp-image-42999 lazyload\" src=\"data:image\/svg+xml;base64,PHN2ZyB3aWR0aD0iMSIgaGVpZ2h0PSIxIiB4bWxucz0iaHR0cDovL3d3dy53My5vcmcvMjAwMC9zdmciPjwvc3ZnPg==\" style=\"--smush-placeholder-width: 300px; --smush-placeholder-aspect-ratio: 300\/199;\" \/><\/figure><\/div>\n\n\n\n<p>Al\u00e9m das palestras, os idosos tamb\u00e9m puderam tirar d\u00favidas e dar sugest\u00f5es sobre os Programas e melhorias para este p\u00fablico.<\/p>\n\n\n\n<p>\u201cEste evento foi muito proveitoso. Nossos idosos puderam se informar, opinar e saber quais s\u00e3o seus direitos. A atual gest\u00e3o municipal tem esta bandeira do di\u00e1logo, sendo assim todos os monteirenses tem a oportunidade de ser ouvido e valorizado\u201d, avalia a secret\u00e1ria da pasta, Rosa Aleixo.<\/p>\n\n\n\n<div class=\"wp-block-image\"><figure class=\"alignleft\"><img decoding=\"async\" data-src=\"https:\/\/i1.wp.com\/www.vitrinedocariri.com.br\/wp-content\/uploads\/2019\/05\/Conferencia-Municipal-do-Ido-5-300x199.jpeg\" alt=\"\" class=\"wp-image-43000 lazyload\" src=\"data:image\/svg+xml;base64,PHN2ZyB3aWR0aD0iMSIgaGVpZ2h0PSIxIiB4bWxucz0iaHR0cDovL3d3dy53My5vcmcvMjAwMC9zdmciPjwvc3ZnPg==\" style=\"--smush-placeholder-width: 300px; --smush-placeholder-aspect-ratio: 300\/199;\" \/><\/figure><\/div>\n\n\n\n<p>Encerrando a programa\u00e7\u00e3o foi servido um almo\u00e7o ao som de um forr\u00f3&nbsp;p\u00e9-de-serra tocado pelos pr\u00f3prios usu\u00e1rios do servi\u00e7o, com a presen\u00e7a de convidados do vizinho munic\u00edpio de Zabel\u00ea.<\/p>\n","protected":false},"excerpt":{"rendered":"<p>Em um clima bastante animado, os idosos do Servi\u00e7o de Conviv\u00eancia e Fortalecimento de V\u00ednculos \u2013 SCFV participaram da I Confer\u00eancia Municipal do Idoso, realizada&hellip; <\/p>\n","protected":false},"author":1,"featured_media":94389,"comment_status":"closed","ping_status":"closed","sticky":false,"template":"","format":"standard","meta":{"sfsi_plus_gutenberg_text_before_share":"","sfsi_plus_gutenberg_show_text_before_share":"","sfsi_plus_gutenberg_icon_type":"","sfsi_plus_gutenberg_icon_alignemt":"","sfsi_plus_gutenburg_max_per_row":"","footnotes":""},"categories":[6],"tags":[],"class_list":["post-94388","post","type-post","status-publish","format-standard","has-post-thumbnail","hentry","category-cidades"],"_links":{"self":[{"href":"https:\/\/www.caririemacao.com\/1\/wp-json\/wp\/v2\/posts\/94388","targetHints":{"allow":["GET"]}}],"collection":[{"href":"https:\/\/www.caririemacao.com\/1\/wp-json\/wp\/v2\/posts"}],"about":[{"href":"https:\/\/www.caririemacao.com\/1\/wp-json\/wp\/v2\/types\/post"}],"author":[{"embeddable":true,"href":"https:\/\/www.caririemacao.com\/1\/wp-json\/wp\/v2\/users\/1"}],"replies":[{"embeddable":true,"href":"https:\/\/www.caririemacao.com\/1\/wp-json\/wp\/v2\/comments?post=94388"}],"version-history":[{"count":1,"href":"https:\/\/www.caririemacao.com\/1\/wp-json\/wp\/v2\/posts\/94388\/revisions"}],"predecessor-version":[{"id":94390,"href":"https:\/\/www.caririemacao.com\/1\/wp-json\/wp\/v2\/posts\/94388\/revisions\/94390"}],"wp:featuredmedia":[{"embeddable":true,"href":"https:\/\/www.caririemacao.com\/1\/wp-json\/wp\/v2\/media\/94389"}],"wp:attachment":[{"href":"https:\/\/www.caririemacao.com\/1\/wp-json\/wp\/v2\/media?parent=94388"}],"wp:term":[{"taxonomy":"category","embeddable":true,"href":"https:\/\/www.caririemacao.com\/1\/wp-json\/wp\/v2\/categories?post=94388"},{"taxonomy":"post_tag","embeddable":true,"href":"https:\/\/www.caririemacao.com\/1\/wp-json\/wp\/v2\/tags?post=94388"}],"curies":[{"name":"wp","href":"https:\/\/api.w.org\/{rel}","templated":true}]}}