{"id":94401,"date":"2019-05-09T12:10:10","date_gmt":"2019-05-09T15:10:10","guid":{"rendered":"http:\/\/www.caririemacao.com\/1\/?p=94401"},"modified":"2019-05-09T12:10:10","modified_gmt":"2019-05-09T15:10:10","slug":"prefeitura-de-sao-sebastiao-do-umbuzeiro-lanca-edital-para-eleicao-do-conselho-tutelar-confira","status":"publish","type":"post","link":"https:\/\/www.caririemacao.com\/1\/2019\/05\/09\/prefeitura-de-sao-sebastiao-do-umbuzeiro-lanca-edital-para-eleicao-do-conselho-tutelar-confira\/","title":{"rendered":"Prefeitura de S\u00e3o Sebasti\u00e3o do Umbuzeiro lan\u00e7a edital para elei\u00e7\u00e3o do Conselho Tutelar. Confira"},"content":{"rendered":"\n<p>A Prefeitura Municipal de S\u00e3o Sebasti\u00e3o do Umbuzeiro, atrav\u00e9s do Conselho Municipal de Defesa dos Direitos da Crian\u00e7a e do Adolescente \u2013 CMDCA lan\u00e7ou esta semana o Edital de Convoca\u00e7\u00e3o para o Processo de Escolha dos Membros do Conselho Tutelar de S\u00e3o Sebasti\u00e3o do Umbuzeiro, quadri\u00eanio 2020\/2023. As elei\u00e7\u00f5es que ir\u00e3o definir os 05 novos conselheiros acontecer\u00e3o no dia 06 de outubro.<br>O Conselho Tutelar \u00e9 \u00f3rg\u00e3o permanente e aut\u00f4nomo, n\u00e3o jurisdicional, encarregado pela sociedade de zelar pelo cumprimento dos direitos da crian\u00e7a e do adolescente, sendo composto por 05 (cinco) membros, escolhidos pela comunidade local para mandato de 04 (quatro) anos.<br>Os membros do Conselho Tutelar local ser\u00e3o escolhidos mediante vota\u00e7\u00e3o, direto, secreto e facultativo dos eleitores do munic\u00edpio, em data de 06 de outubro de 2019, sendo que a posse dos eleitos e seus respectivos suplentes ocorrer\u00e1 em data de 10 de janeiro de 2020.<br>O Processo de Escolha em Data Unificada \u00e9 disciplinado pela Lei n\u00ba 8.069\/90 (Estatuto da Crian\u00e7a e do Adolescente), Resolu\u00e7\u00e3o n\u00ba 170\/2015 do Conselho Nacional dos Direitos da Crian\u00e7a e do Adolescente \u2013 CONANDA, assim como pela Lei Municipal n\u00ba 283\/2007 e nas suas altera\u00e7\u00f5es posteriores e Resolu\u00e7\u00e3o n\u00ba 01\/2019, do Conselho Municipal dos Direitos da Crian\u00e7a e do Adolescente de S\u00e3o Sebasti\u00e3o do Umbuzeiro-PB, sendo realizado sob a responsabilidade deste e fiscaliza\u00e7\u00e3o do Minist\u00e9rio P\u00fablico.<br>&nbsp;Confira o edital clicando&nbsp;<a href=\"http:\/\/www.ssdoumbuzeiro.pb.gov.br\/wp-content\/uploads\/2019\/05\/MINUTA-DO-EDITAL-atualizado.pdf\">AQUI<\/a><\/p>\n","protected":false},"excerpt":{"rendered":"<p>A Prefeitura Municipal de S\u00e3o Sebasti\u00e3o do Umbuzeiro, atrav\u00e9s do Conselho Municipal de Defesa dos Direitos da Crian\u00e7a e do Adolescente \u2013 CMDCA lan\u00e7ou esta&hellip; <\/p>\n","protected":false},"author":1,"featured_media":94402,"comment_status":"closed","ping_status":"closed","sticky":false,"template":"","format":"standard","meta":{"sfsi_plus_gutenberg_text_before_share":"","sfsi_plus_gutenberg_show_text_before_share":"","sfsi_plus_gutenberg_icon_type":"","sfsi_plus_gutenberg_icon_alignemt":"","sfsi_plus_gutenburg_max_per_row":"","footnotes":""},"categories":[50,2],"tags":[],"class_list":["post-94401","post","type-post","status-publish","format-standard","has-post-thumbnail","hentry","category-destaque","category-geral"],"_links":{"self":[{"href":"https:\/\/www.caririemacao.com\/1\/wp-json\/wp\/v2\/posts\/94401","targetHints":{"allow":["GET"]}}],"collection":[{"href":"https:\/\/www.caririemacao.com\/1\/wp-json\/wp\/v2\/posts"}],"about":[{"href":"https:\/\/www.caririemacao.com\/1\/wp-json\/wp\/v2\/types\/post"}],"author":[{"embeddable":true,"href":"https:\/\/www.caririemacao.com\/1\/wp-json\/wp\/v2\/users\/1"}],"replies":[{"embeddable":true,"href":"https:\/\/www.caririemacao.com\/1\/wp-json\/wp\/v2\/comments?post=94401"}],"version-history":[{"count":1,"href":"https:\/\/www.caririemacao.com\/1\/wp-json\/wp\/v2\/posts\/94401\/revisions"}],"predecessor-version":[{"id":94403,"href":"https:\/\/www.caririemacao.com\/1\/wp-json\/wp\/v2\/posts\/94401\/revisions\/94403"}],"wp:featuredmedia":[{"embeddable":true,"href":"https:\/\/www.caririemacao.com\/1\/wp-json\/wp\/v2\/media\/94402"}],"wp:attachment":[{"href":"https:\/\/www.caririemacao.com\/1\/wp-json\/wp\/v2\/media?parent=94401"}],"wp:term":[{"taxonomy":"category","embeddable":true,"href":"https:\/\/www.caririemacao.com\/1\/wp-json\/wp\/v2\/categories?post=94401"},{"taxonomy":"post_tag","embeddable":true,"href":"https:\/\/www.caririemacao.com\/1\/wp-json\/wp\/v2\/tags?post=94401"}],"curies":[{"name":"wp","href":"https:\/\/api.w.org\/{rel}","templated":true}]}}