{"id":94404,"date":"2019-05-09T12:53:09","date_gmt":"2019-05-09T15:53:09","guid":{"rendered":"http:\/\/www.caririemacao.com\/1\/?p=94404"},"modified":"2019-05-09T12:53:09","modified_gmt":"2019-05-09T15:53:09","slug":"ministerio-publico-realiza-reuniao-com-objetivo-de-regularizar-loteamentos-em-sume-2","status":"publish","type":"post","link":"https:\/\/www.caririemacao.com\/1\/2019\/05\/09\/ministerio-publico-realiza-reuniao-com-objetivo-de-regularizar-loteamentos-em-sume-2\/","title":{"rendered":"Minist\u00e9rio P\u00fablico realiza reuni\u00e3o com objetivo de regularizar loteamentos em Sum\u00e9"},"content":{"rendered":"\n<p>Nesta quarta-feira (08\/05), na sede do Minist\u00e9rio P\u00fablico em Sum\u00e9, aconteceu uma reuni\u00e3o com representantes de loteamentos do munic\u00edpio com o objetivo de discutir a situa\u00e7\u00e3o dos loteamentos na cidade.<\/p>\n\n\n\n<p>Presente \u00e0 reuni\u00e3o, Luciana Firme, representante da Superintend\u00eancia de Administra\u00e7\u00e3o do Meio Ambiente (Sudema) afirmou que, dos 17 loteamentos do munic\u00edpio, 16 n\u00e3o possuem licen\u00e7a ambiental, apenas um est\u00e1 regularizado.<\/p>\n\n\n\n<p>O promotor, Bruno Leonardo, estabeleceu na reuni\u00e3o que os propriet\u00e1rios de loteamentos ter\u00e3o um prazo de 90 dias para conseguir na Sudema a regulariza\u00e7\u00e3o, neste per\u00edodo, os empres\u00e1rios devem apresentar o protocolo ao Minist\u00e9rio P\u00fablico.<\/p>\n\n\n\n<p>A reuni\u00e3o contou com a participa\u00e7\u00e3o de alguns moradores que relataram os problemas vivenciados nestes loteamentos, como falta de \u00e1gua, falta de ilumina\u00e7\u00e3o e alagamento nas resid\u00eancias em per\u00edodos de chuvas.<\/p>\n\n\n\n<p>Para o promotor, as pessoas que constru\u00edram casas em lotes pr\u00f3ximos ao rio, poder\u00e3o ser retiradas destes locais.<\/p>\n\n\n\n<p>O coordenador do Procon no Cariri, Cristov\u00e3o J\u00fanior, disse que est\u00e1 tentando um acordo com os donos de loteamentos para que as pessoas que tiveram casas constru\u00eddas pr\u00f3ximas a rios, n\u00e3o sejam prejudicadas. De acordo com ele, nada impede tamb\u00e9m que os moradores possam entrar na justi\u00e7a em busca de indeniza\u00e7\u00e3o.<\/p>\n\n\n\n<p>Valdemir Lucena, procurador do munic\u00edpio, disse que, enquanto os loteamentos n\u00e3o se regularizam, a Prefeitura n\u00e3o estar\u00e1 liberando alvar\u00e1s de constru\u00e7\u00e3o para estes lotes.<\/p>\n\n\n\n<p>Ascom\/PMS<\/p>\n","protected":false},"excerpt":{"rendered":"<p>Nesta quarta-feira (08\/05), na sede do Minist\u00e9rio P\u00fablico em Sum\u00e9, aconteceu uma reuni\u00e3o com representantes de loteamentos do munic\u00edpio com o objetivo de discutir a&hellip; <\/p>\n","protected":false},"author":1,"featured_media":94405,"comment_status":"closed","ping_status":"closed","sticky":false,"template":"","format":"standard","meta":{"sfsi_plus_gutenberg_text_before_share":"","sfsi_plus_gutenberg_show_text_before_share":"","sfsi_plus_gutenberg_icon_type":"","sfsi_plus_gutenberg_icon_alignemt":"","sfsi_plus_gutenburg_max_per_row":"","footnotes":""},"categories":[6],"tags":[],"class_list":["post-94404","post","type-post","status-publish","format-standard","has-post-thumbnail","hentry","category-cidades"],"_links":{"self":[{"href":"https:\/\/www.caririemacao.com\/1\/wp-json\/wp\/v2\/posts\/94404","targetHints":{"allow":["GET"]}}],"collection":[{"href":"https:\/\/www.caririemacao.com\/1\/wp-json\/wp\/v2\/posts"}],"about":[{"href":"https:\/\/www.caririemacao.com\/1\/wp-json\/wp\/v2\/types\/post"}],"author":[{"embeddable":true,"href":"https:\/\/www.caririemacao.com\/1\/wp-json\/wp\/v2\/users\/1"}],"replies":[{"embeddable":true,"href":"https:\/\/www.caririemacao.com\/1\/wp-json\/wp\/v2\/comments?post=94404"}],"version-history":[{"count":1,"href":"https:\/\/www.caririemacao.com\/1\/wp-json\/wp\/v2\/posts\/94404\/revisions"}],"predecessor-version":[{"id":94406,"href":"https:\/\/www.caririemacao.com\/1\/wp-json\/wp\/v2\/posts\/94404\/revisions\/94406"}],"wp:featuredmedia":[{"embeddable":true,"href":"https:\/\/www.caririemacao.com\/1\/wp-json\/wp\/v2\/media\/94405"}],"wp:attachment":[{"href":"https:\/\/www.caririemacao.com\/1\/wp-json\/wp\/v2\/media?parent=94404"}],"wp:term":[{"taxonomy":"category","embeddable":true,"href":"https:\/\/www.caririemacao.com\/1\/wp-json\/wp\/v2\/categories?post=94404"},{"taxonomy":"post_tag","embeddable":true,"href":"https:\/\/www.caririemacao.com\/1\/wp-json\/wp\/v2\/tags?post=94404"}],"curies":[{"name":"wp","href":"https:\/\/api.w.org\/{rel}","templated":true}]}}