{"id":94407,"date":"2019-05-09T12:56:14","date_gmt":"2019-05-09T15:56:14","guid":{"rendered":"http:\/\/www.caririemacao.com\/1\/?p=94407"},"modified":"2019-05-09T12:56:14","modified_gmt":"2019-05-09T15:56:14","slug":"orcamento-democratico-faz-plenaria-em-catole-do-rocha-nesta-sexta-feira-dia-10","status":"publish","type":"post","link":"https:\/\/www.caririemacao.com\/1\/2019\/05\/09\/orcamento-democratico-faz-plenaria-em-catole-do-rocha-nesta-sexta-feira-dia-10\/","title":{"rendered":"Or\u00e7amento Democr\u00e1tico faz plen\u00e1ria em Catol\u00e9 do Rocha nesta sexta-feira dia 10"},"content":{"rendered":"\n<p> As regi\u00f5es polarizadas pelas cidades de Catol\u00e9 do Rocha (8\u00aa Regi\u00e3o Geoadministrativa) e Pombal (13\u00aa Regi\u00e3o) sediam a partir desta sexta-feira (10), o bloco de audi\u00eancias p\u00fablicas regionais do Or\u00e7amento Democr\u00e1tico Estadual.<\/p>\n\n\n\n<p><br>A plen\u00e1ria em Catol\u00e9 do Rocha acontece na sexta-feira, a partir das 19h, no gin\u00e1sio da Escola Normal Francisca Mendes e a de Pombal, no s\u00e1bado (11).<br>As plen\u00e1rias contam com a presen\u00e7a de toda a comitiva do governo e devem participar as popula\u00e7\u00f5es dos munic\u00edpios que comp\u00f5em essas regi\u00f5es \u2013 cerca de 20 cidades.<\/p>\n\n\n\n<p>Ser\u00e1 mais um momento onde as pessoas poder\u00e3o eleger as tr\u00eas prioridades de investimentos para as suas respectivas regi\u00f5es, al\u00e9m de indicarem, especificamente, quais obras, a\u00e7\u00f5es e servi\u00e7os que gostariam que fossem implantados ou melhorados em suas comunidades.<\/p>\n\n\n\n<p><br>Para o governo, tamb\u00e9m ser\u00e1 um momento de prestar contas das a\u00e7\u00f5es e dos investimentos desenvolvidos nestas regi\u00f5es, assim como, de entregar benef\u00edcios para a melhoria dos servi\u00e7os prestados nessas localidades.<br>A popula\u00e7\u00e3o que tiver interesse em participar deve ficar atenta aos locais onde ser\u00e3o disponibilizados transportes at\u00e9 \u00e0 plen\u00e1ria. <\/p>\n\n\n\n<p>E ao chegar ao local da audi\u00eancia deve preencher o formul\u00e1rio de indica\u00e7\u00e3o das prioridades, disponibilizado na entrada dos gin\u00e1sios, no credenciamento.<\/p>\n\n\n\n<p><br>As audi\u00eancias p\u00fablicas do Or\u00e7amento Democr\u00e1tico Estadual t\u00eam o objetivo de reunir as popula\u00e7\u00f5es das regi\u00f5es para dialogar sobre as prioridades de investimentos do Governo do Estado.<\/p>\n\n\n\n<p><br>Blog do Clinton Medeiros <\/p>\n","protected":false},"excerpt":{"rendered":"<p>As regi\u00f5es polarizadas pelas cidades de Catol\u00e9 do Rocha (8\u00aa Regi\u00e3o Geoadministrativa) e Pombal (13\u00aa Regi\u00e3o) sediam a partir desta sexta-feira (10), o bloco de&hellip; <\/p>\n","protected":false},"author":1,"featured_media":94408,"comment_status":"closed","ping_status":"closed","sticky":false,"template":"","format":"standard","meta":{"sfsi_plus_gutenberg_text_before_share":"","sfsi_plus_gutenberg_show_text_before_share":"","sfsi_plus_gutenberg_icon_type":"","sfsi_plus_gutenberg_icon_alignemt":"","sfsi_plus_gutenburg_max_per_row":"","footnotes":""},"categories":[6,50],"tags":[],"class_list":["post-94407","post","type-post","status-publish","format-standard","has-post-thumbnail","hentry","category-cidades","category-destaque"],"_links":{"self":[{"href":"https:\/\/www.caririemacao.com\/1\/wp-json\/wp\/v2\/posts\/94407","targetHints":{"allow":["GET"]}}],"collection":[{"href":"https:\/\/www.caririemacao.com\/1\/wp-json\/wp\/v2\/posts"}],"about":[{"href":"https:\/\/www.caririemacao.com\/1\/wp-json\/wp\/v2\/types\/post"}],"author":[{"embeddable":true,"href":"https:\/\/www.caririemacao.com\/1\/wp-json\/wp\/v2\/users\/1"}],"replies":[{"embeddable":true,"href":"https:\/\/www.caririemacao.com\/1\/wp-json\/wp\/v2\/comments?post=94407"}],"version-history":[{"count":1,"href":"https:\/\/www.caririemacao.com\/1\/wp-json\/wp\/v2\/posts\/94407\/revisions"}],"predecessor-version":[{"id":94409,"href":"https:\/\/www.caririemacao.com\/1\/wp-json\/wp\/v2\/posts\/94407\/revisions\/94409"}],"wp:featuredmedia":[{"embeddable":true,"href":"https:\/\/www.caririemacao.com\/1\/wp-json\/wp\/v2\/media\/94408"}],"wp:attachment":[{"href":"https:\/\/www.caririemacao.com\/1\/wp-json\/wp\/v2\/media?parent=94407"}],"wp:term":[{"taxonomy":"category","embeddable":true,"href":"https:\/\/www.caririemacao.com\/1\/wp-json\/wp\/v2\/categories?post=94407"},{"taxonomy":"post_tag","embeddable":true,"href":"https:\/\/www.caririemacao.com\/1\/wp-json\/wp\/v2\/tags?post=94407"}],"curies":[{"name":"wp","href":"https:\/\/api.w.org\/{rel}","templated":true}]}}