{"id":94415,"date":"2019-05-09T13:47:41","date_gmt":"2019-05-09T16:47:41","guid":{"rendered":"http:\/\/www.caririemacao.com\/1\/?p=94415"},"modified":"2019-05-09T13:47:41","modified_gmt":"2019-05-09T16:47:41","slug":"dois-estabelecimentos-foram-roubados-na-madrugada-em-monteiro","status":"publish","type":"post","link":"https:\/\/www.caririemacao.com\/1\/2019\/05\/09\/dois-estabelecimentos-foram-roubados-na-madrugada-em-monteiro\/","title":{"rendered":"Dois estabelecimentos foram roubados na madrugada em Monteiro"},"content":{"rendered":"\n<p>Um primeiro estabelecimento foi alvo de Bandidos na madrugada desta quinta-feira (09), em Monteiro.<br>De acordo com informa\u00e7\u00f5es, o SACOL\u00c3O POPULAR localizado na rua Jo\u00e3o Jos\u00e9 Sobrinho pr\u00f3ximo a Rua do Buj\u00e3o foi arrombado e v\u00e1rios objetos furtados, entre eles uma TV smart, um videogame e uma balan\u00e7a, Os donos sentiram a falta dos objetos quando abriram o estabelecimento pela manh\u00e3.<br>O outro foi o sacol\u00e3o BOM PRE\u00c7O localizado na rua Manoel Joaquim da silva, pr\u00f3ximo ao cemit\u00e9rio.<br>Segundo informa\u00e7\u00f5es os bandidos levaram uma TV e dinheiro. A quantia n\u00e3o foi revelada.<br><strong>COM HORA1PB<\/strong><\/p>\n","protected":false},"excerpt":{"rendered":"<p>Um primeiro estabelecimento foi alvo de Bandidos na madrugada desta quinta-feira (09), em Monteiro.De acordo com informa\u00e7\u00f5es, o SACOL\u00c3O POPULAR localizado na rua Jo\u00e3o Jos\u00e9&hellip; <\/p>\n","protected":false},"author":1,"featured_media":41530,"comment_status":"closed","ping_status":"closed","sticky":false,"template":"","format":"standard","meta":{"sfsi_plus_gutenberg_text_before_share":"","sfsi_plus_gutenberg_show_text_before_share":"","sfsi_plus_gutenberg_icon_type":"","sfsi_plus_gutenberg_icon_alignemt":"","sfsi_plus_gutenburg_max_per_row":"","footnotes":""},"categories":[50,12],"tags":[],"class_list":["post-94415","post","type-post","status-publish","format-standard","has-post-thumbnail","hentry","category-destaque","category-policia"],"_links":{"self":[{"href":"https:\/\/www.caririemacao.com\/1\/wp-json\/wp\/v2\/posts\/94415","targetHints":{"allow":["GET"]}}],"collection":[{"href":"https:\/\/www.caririemacao.com\/1\/wp-json\/wp\/v2\/posts"}],"about":[{"href":"https:\/\/www.caririemacao.com\/1\/wp-json\/wp\/v2\/types\/post"}],"author":[{"embeddable":true,"href":"https:\/\/www.caririemacao.com\/1\/wp-json\/wp\/v2\/users\/1"}],"replies":[{"embeddable":true,"href":"https:\/\/www.caririemacao.com\/1\/wp-json\/wp\/v2\/comments?post=94415"}],"version-history":[{"count":1,"href":"https:\/\/www.caririemacao.com\/1\/wp-json\/wp\/v2\/posts\/94415\/revisions"}],"predecessor-version":[{"id":94416,"href":"https:\/\/www.caririemacao.com\/1\/wp-json\/wp\/v2\/posts\/94415\/revisions\/94416"}],"wp:featuredmedia":[{"embeddable":true,"href":"https:\/\/www.caririemacao.com\/1\/wp-json\/wp\/v2\/media\/41530"}],"wp:attachment":[{"href":"https:\/\/www.caririemacao.com\/1\/wp-json\/wp\/v2\/media?parent=94415"}],"wp:term":[{"taxonomy":"category","embeddable":true,"href":"https:\/\/www.caririemacao.com\/1\/wp-json\/wp\/v2\/categories?post=94415"},{"taxonomy":"post_tag","embeddable":true,"href":"https:\/\/www.caririemacao.com\/1\/wp-json\/wp\/v2\/tags?post=94415"}],"curies":[{"name":"wp","href":"https:\/\/api.w.org\/{rel}","templated":true}]}}