{"id":94424,"date":"2019-05-09T13:53:51","date_gmt":"2019-05-09T16:53:51","guid":{"rendered":"http:\/\/www.caririemacao.com\/1\/?p=94424"},"modified":"2019-05-09T13:53:51","modified_gmt":"2019-05-09T16:53:51","slug":"video-professor-da-rede-publica-de-ensino-se-irrita-com-provocacao-de-aluno-e-xinga-adolescente","status":"publish","type":"post","link":"https:\/\/www.caririemacao.com\/1\/2019\/05\/09\/video-professor-da-rede-publica-de-ensino-se-irrita-com-provocacao-de-aluno-e-xinga-adolescente\/","title":{"rendered":"V\u00cdDEO: Professor da rede p\u00fablica de ensino se irrita com provoca\u00e7\u00e3o de aluno e xinga adolescente"},"content":{"rendered":"\n<p>A fam\u00edlia de um estudante da rede p\u00fablica de Ensino protocolou um Boletim de Ocorr\u00eancia na Delegacia da Inf\u00e2ncia e Juventude em Campina Grande, no Agreste da Para\u00edba, nesta quinta-feira (9). Na quarta-feira, o adolescente de 16 anos sofreu agress\u00f5es verbais de um professor identificado por \u201cLuciano\u201d em plena sala de aula. Os colegas de sala da Escola Normal, no bairro do Catol\u00e9, filmaram tudo. A fam\u00edlia est\u00e1 indignada e pede justi\u00e7a.<\/p>\n\n\n\n<p>A irm\u00e3 do adolescente, Jeniffer Ara\u00fajo, disse que tentaram prestar queixa na quarta, ainda foram \u00e0 delegacia, mas desistiram diante da fila. Nesta quinta-feira (9), conseguiram prestar um Boletim de Ocorr\u00eancia na Delegacia da Inf\u00e2ncia e Juventude pela manh\u00e3. Jennifer condena o procedimento do professor.<\/p>\n\n\n\n<p>O irm\u00e3o dela estava em sala de aula e o professor j\u00e1 estava muito alterado. Ele come\u00e7ou a brigar com um dos alunos que estava com fones de ouvido, segundo Jeniffer. \u201cPediu para retirar e ele retirou. O professor falou que quem mandava na sala era ele, o l\u00edder da sala era ele e totalmente desequilibrado. Meu irm\u00e3o, brincando, perguntou se ele era Bolsonaro. Com isso, o professor se irritou, come\u00e7ou a falar contra ele, pegou o celular do jovem, com agressividade\u201d, descreveu.<\/p>\n\n\n\n<p>Ainda chocados com a rea\u00e7\u00e3o agressiva do professor, o jovem e a fam\u00edlia querem que ele reconhe\u00e7a os erros. \u201cEle chamou meu irm\u00e3o de imbecil, ele chamou de zero \u00e0 esquerda. Isso n\u00e3o era atitude correta, ele deveria ter comunicado \u00e0 dire\u00e7\u00e3o da escola ou at\u00e9 mesmo chamado os pais, n\u00e3o tratar os jovens com esse desrespeito e agressividade. Ele agrediu meu irm\u00e3o verbalmente. Desde ontem que eu estou nervosa, chorando por causa desta situa\u00e7\u00e3o. Meu irm\u00e3o est\u00e1 traumatizado\u201d, desabafou.<\/p>\n\n\n\n<p>Assista o v\u00eddeo&nbsp;<strong><a href=\"https:\/\/www.facebook.com\/paraibadebate1\/videos\/714879515608355\/\">aqui<\/a><\/strong>.<\/p>\n\n\n\n<p><em>Vald\u00edvia Costa\/ PB Debate<\/em><\/p>\n","protected":false},"excerpt":{"rendered":"<p>A fam\u00edlia de um estudante da rede p\u00fablica de Ensino protocolou um Boletim de Ocorr\u00eancia na Delegacia da Inf\u00e2ncia e Juventude em Campina Grande, no&hellip; <\/p>\n","protected":false},"author":1,"featured_media":94425,"comment_status":"closed","ping_status":"closed","sticky":false,"template":"","format":"standard","meta":{"sfsi_plus_gutenberg_text_before_share":"","sfsi_plus_gutenberg_show_text_before_share":"","sfsi_plus_gutenberg_icon_type":"","sfsi_plus_gutenberg_icon_alignemt":"","sfsi_plus_gutenburg_max_per_row":"","footnotes":""},"categories":[50,12],"tags":[],"class_list":["post-94424","post","type-post","status-publish","format-standard","has-post-thumbnail","hentry","category-destaque","category-policia"],"_links":{"self":[{"href":"https:\/\/www.caririemacao.com\/1\/wp-json\/wp\/v2\/posts\/94424","targetHints":{"allow":["GET"]}}],"collection":[{"href":"https:\/\/www.caririemacao.com\/1\/wp-json\/wp\/v2\/posts"}],"about":[{"href":"https:\/\/www.caririemacao.com\/1\/wp-json\/wp\/v2\/types\/post"}],"author":[{"embeddable":true,"href":"https:\/\/www.caririemacao.com\/1\/wp-json\/wp\/v2\/users\/1"}],"replies":[{"embeddable":true,"href":"https:\/\/www.caririemacao.com\/1\/wp-json\/wp\/v2\/comments?post=94424"}],"version-history":[{"count":1,"href":"https:\/\/www.caririemacao.com\/1\/wp-json\/wp\/v2\/posts\/94424\/revisions"}],"predecessor-version":[{"id":94426,"href":"https:\/\/www.caririemacao.com\/1\/wp-json\/wp\/v2\/posts\/94424\/revisions\/94426"}],"wp:featuredmedia":[{"embeddable":true,"href":"https:\/\/www.caririemacao.com\/1\/wp-json\/wp\/v2\/media\/94425"}],"wp:attachment":[{"href":"https:\/\/www.caririemacao.com\/1\/wp-json\/wp\/v2\/media?parent=94424"}],"wp:term":[{"taxonomy":"category","embeddable":true,"href":"https:\/\/www.caririemacao.com\/1\/wp-json\/wp\/v2\/categories?post=94424"},{"taxonomy":"post_tag","embeddable":true,"href":"https:\/\/www.caririemacao.com\/1\/wp-json\/wp\/v2\/tags?post=94424"}],"curies":[{"name":"wp","href":"https:\/\/api.w.org\/{rel}","templated":true}]}}