{"id":94428,"date":"2019-05-10T09:28:59","date_gmt":"2019-05-10T12:28:59","guid":{"rendered":"http:\/\/www.caririemacao.com\/1\/?p=94428"},"modified":"2019-05-10T09:28:59","modified_gmt":"2019-05-10T12:28:59","slug":"homem-morre-ao-sofrer-descarga-eletrica-em-telhado-de-loja","status":"publish","type":"post","link":"https:\/\/www.caririemacao.com\/1\/2019\/05\/10\/homem-morre-ao-sofrer-descarga-eletrica-em-telhado-de-loja\/","title":{"rendered":"Homem morre ao sofrer descarga el\u00e9trica em telhado de loja."},"content":{"rendered":"\n<p>Um homem morreu ap\u00f3s sofrer uma descarga el\u00e9trica no in\u00edcio da tarde desta quinta-feira (9), no telhado de uma loja, na Avenida Diogo Velho, Centro de Jo\u00e3o Pessoa.<\/p>\n\n\n\n<p>De acordo com o Corpo de Bombeiros, o acidente aconteceu no telhado da loja que pertence \u00e0 v\u00edtima. Ele teria subido para tentar consertar um problema na fia\u00e7\u00e3o el\u00e9trica.<\/p>\n\n\n\n<p>O homem foi encontrado inconsciente e mesmo ap\u00f3s tentativas de reanima\u00e7\u00e3o, n\u00e3o resistiu e morreu no local.<\/p>\n\n\n\n<p><\/p>\n\n\n\n<p>G1<\/p>\n","protected":false},"excerpt":{"rendered":"<p>Um homem morreu ap\u00f3s sofrer uma descarga el\u00e9trica no in\u00edcio da tarde desta quinta-feira (9), no telhado de uma loja, na Avenida Diogo Velho, Centro&hellip; <\/p>\n","protected":false},"author":1,"featured_media":94429,"comment_status":"closed","ping_status":"closed","sticky":false,"template":"","format":"standard","meta":{"sfsi_plus_gutenberg_text_before_share":"","sfsi_plus_gutenberg_show_text_before_share":"","sfsi_plus_gutenberg_icon_type":"","sfsi_plus_gutenberg_icon_alignemt":"","sfsi_plus_gutenburg_max_per_row":"","footnotes":""},"categories":[2],"tags":[],"class_list":["post-94428","post","type-post","status-publish","format-standard","has-post-thumbnail","hentry","category-geral"],"_links":{"self":[{"href":"https:\/\/www.caririemacao.com\/1\/wp-json\/wp\/v2\/posts\/94428","targetHints":{"allow":["GET"]}}],"collection":[{"href":"https:\/\/www.caririemacao.com\/1\/wp-json\/wp\/v2\/posts"}],"about":[{"href":"https:\/\/www.caririemacao.com\/1\/wp-json\/wp\/v2\/types\/post"}],"author":[{"embeddable":true,"href":"https:\/\/www.caririemacao.com\/1\/wp-json\/wp\/v2\/users\/1"}],"replies":[{"embeddable":true,"href":"https:\/\/www.caririemacao.com\/1\/wp-json\/wp\/v2\/comments?post=94428"}],"version-history":[{"count":1,"href":"https:\/\/www.caririemacao.com\/1\/wp-json\/wp\/v2\/posts\/94428\/revisions"}],"predecessor-version":[{"id":94430,"href":"https:\/\/www.caririemacao.com\/1\/wp-json\/wp\/v2\/posts\/94428\/revisions\/94430"}],"wp:featuredmedia":[{"embeddable":true,"href":"https:\/\/www.caririemacao.com\/1\/wp-json\/wp\/v2\/media\/94429"}],"wp:attachment":[{"href":"https:\/\/www.caririemacao.com\/1\/wp-json\/wp\/v2\/media?parent=94428"}],"wp:term":[{"taxonomy":"category","embeddable":true,"href":"https:\/\/www.caririemacao.com\/1\/wp-json\/wp\/v2\/categories?post=94428"},{"taxonomy":"post_tag","embeddable":true,"href":"https:\/\/www.caririemacao.com\/1\/wp-json\/wp\/v2\/tags?post=94428"}],"curies":[{"name":"wp","href":"https:\/\/api.w.org\/{rel}","templated":true}]}}