{"id":94433,"date":"2019-05-10T09:33:54","date_gmt":"2019-05-10T12:33:54","guid":{"rendered":"http:\/\/www.caririemacao.com\/1\/?p=94433"},"modified":"2019-05-10T09:33:54","modified_gmt":"2019-05-10T12:33:54","slug":"cinco-cidades-da-pb-sao-investigadas-por-irregularidades-na-cobranca-de-iptu","status":"publish","type":"post","link":"https:\/\/www.caririemacao.com\/1\/2019\/05\/10\/cinco-cidades-da-pb-sao-investigadas-por-irregularidades-na-cobranca-de-iptu\/","title":{"rendered":"Cinco cidades da PB s\u00e3o investigadas por irregularidades na cobran\u00e7a de IPTU"},"content":{"rendered":"\n<p>Cinco prefeituras da Para\u00edba est\u00e3o sendo alvos de uma investiga\u00e7\u00e3o instaurada pelo Minist\u00e9rio P\u00fablico da Para\u00edba (MPPB) sobre poss\u00edveis irregularidades na arrecada\u00e7\u00e3o de impostos. O problema apurado envolve o Imposto Predial Territorial Urbano (IPTU). Em alguns casos, n\u00e3o foi confirmada a arrecada\u00e7\u00e3o e em outros a arrecada\u00e7\u00e3o foi bem maior que o previsto.<\/p>\n\n\n\n<p>As prefeituras que est\u00e3o sendo alvos o inqu\u00e9rito s\u00e3o Junco do Serid\u00f3, Santa Luzia, S\u00e3o Mamede, S\u00e3o Jos\u00e9 do Sabugi e V\u00e1rzea. O inqu\u00e9rito foi instaurado no dia 2 de maio pelo promotor Jos\u00e9 Carlos Patr\u00edcio. A apura\u00e7\u00e3o pode indicar atos de improbidade administrativa.<\/p>\n\n\n\n<p>O&nbsp;<strong>G1&nbsp;<\/strong>tentou entrar em contato com as prefeituras de V\u00e1rzea e Junco do Serid\u00f3, mas as liga\u00e7\u00f5es n\u00e3o foram atendidas. Com as outras prefeituras, o&nbsp;<strong>G1&nbsp;<\/strong>n\u00e3o obteve contato com respons\u00e1veis pelas pastas.<\/p>\n\n\n\n<p>O inqu\u00e9rito traz detalhes da situa\u00e7\u00e3o de cada cidade:<\/p>\n\n\n\n<ul class=\"wp-block-list\"><li>Em Junco do Serid\u00f3 a previs\u00e3o para arrecada\u00e7\u00e3o de IPTU no ano era de R$69,9 mil. Por\u00e9m, s\u00f3 foi arrecadado R$ R$3,6 mil.<\/li><li>Em S\u00e3o Jos\u00e9 do Sabugi, o portal da transpar\u00eancia indica que a previs\u00e3o de arrecada\u00e7\u00e3o era de R$ 4,6 mil. Mas a prefeitura s\u00f3 confirmou que arrecadou R$ 625.<\/li><li>Na cidade de V\u00e1rzea, a previs\u00e3o para o ano era arrecadar R$ 2 mil de IPTU para mar\u00e7o. A prefeitura ainda dependia de uma d\u00edvida ativa de mais R$3,2 mil. Apesar disso, nada foi arrecado.<\/li><li>Na cidade de S\u00e3o Mamede, o MPPB n\u00e3o encontrou informa\u00e7\u00f5es sobre previs\u00f5es ou arrecada\u00e7\u00f5es feitas esse ano. Segundo o promotor, no site do Tribunal de Contas do Estado (TCE), os dados est\u00e3o zerados.<\/li><li>Em Santa Luzia, a situa\u00e7\u00e3o foi diferente das demais. A prefeitura tinha uma previs\u00e3o de arrecadar R$ 31,9 mil e nos dados divulgados no Portal da Transpar\u00eancia o MPPB constatou uma arrecada\u00e7\u00e3o de R$ 290,6 mil apenas do IPTU.<\/li><\/ul>\n\n\n\n<p>G1<\/p>\n","protected":false},"excerpt":{"rendered":"<p>Cinco prefeituras da Para\u00edba est\u00e3o sendo alvos de uma investiga\u00e7\u00e3o instaurada pelo Minist\u00e9rio P\u00fablico da Para\u00edba (MPPB) sobre poss\u00edveis irregularidades na arrecada\u00e7\u00e3o de impostos. O&hellip; <\/p>\n","protected":false},"author":1,"featured_media":94434,"comment_status":"closed","ping_status":"closed","sticky":false,"template":"","format":"standard","meta":{"sfsi_plus_gutenberg_text_before_share":"","sfsi_plus_gutenberg_show_text_before_share":"","sfsi_plus_gutenberg_icon_type":"","sfsi_plus_gutenberg_icon_alignemt":"","sfsi_plus_gutenburg_max_per_row":"","footnotes":""},"categories":[6,50],"tags":[],"class_list":["post-94433","post","type-post","status-publish","format-standard","has-post-thumbnail","hentry","category-cidades","category-destaque"],"_links":{"self":[{"href":"https:\/\/www.caririemacao.com\/1\/wp-json\/wp\/v2\/posts\/94433","targetHints":{"allow":["GET"]}}],"collection":[{"href":"https:\/\/www.caririemacao.com\/1\/wp-json\/wp\/v2\/posts"}],"about":[{"href":"https:\/\/www.caririemacao.com\/1\/wp-json\/wp\/v2\/types\/post"}],"author":[{"embeddable":true,"href":"https:\/\/www.caririemacao.com\/1\/wp-json\/wp\/v2\/users\/1"}],"replies":[{"embeddable":true,"href":"https:\/\/www.caririemacao.com\/1\/wp-json\/wp\/v2\/comments?post=94433"}],"version-history":[{"count":1,"href":"https:\/\/www.caririemacao.com\/1\/wp-json\/wp\/v2\/posts\/94433\/revisions"}],"predecessor-version":[{"id":94435,"href":"https:\/\/www.caririemacao.com\/1\/wp-json\/wp\/v2\/posts\/94433\/revisions\/94435"}],"wp:featuredmedia":[{"embeddable":true,"href":"https:\/\/www.caririemacao.com\/1\/wp-json\/wp\/v2\/media\/94434"}],"wp:attachment":[{"href":"https:\/\/www.caririemacao.com\/1\/wp-json\/wp\/v2\/media?parent=94433"}],"wp:term":[{"taxonomy":"category","embeddable":true,"href":"https:\/\/www.caririemacao.com\/1\/wp-json\/wp\/v2\/categories?post=94433"},{"taxonomy":"post_tag","embeddable":true,"href":"https:\/\/www.caririemacao.com\/1\/wp-json\/wp\/v2\/tags?post=94433"}],"curies":[{"name":"wp","href":"https:\/\/api.w.org\/{rel}","templated":true}]}}